{"id":666,"date":"2023-05-17T20:34:30","date_gmt":"2023-05-18T00:34:30","guid":{"rendered":"https:\/\/site.ac-martinique.fr\/arts-appliques\/?p=666"},"modified":"2023-05-17T20:50:04","modified_gmt":"2023-05-18T00:50:04","slug":"ressource-numerique","status":"publish","type":"post","link":"https:\/\/site.ac-martinique.fr\/arts-appliques\/ressource-numerique\/","title":{"rendered":"Culture et citoyennet\u00e9 num\u00e9riques"},"content":{"rendered":"\n<div class=\"wp-block-group alignfull\"><div class=\"wp-block-group__inner-container is-layout-flow wp-block-group-is-layout-flow\">\n<h1 class=\"wp-block-heading has-large-font-size\" style=\"font-style:normal;font-weight:300\">Charte pour l\u2019\u00e9ducation \u00e0 la culture et \u00e0 la citoyennet\u00e9 num\u00e9riques<\/h1>\n\n\n\n<p>L\u2019\u00e9ducation \u00e0 la culture et \u00e0 la citoyennet\u00e9 num\u00e9riques est un enjeu majeur pour permettre \u00e0 chacune et chacun d\u2019exercer une citoyennet\u00e9 \u00e9clair\u00e9e dans un monde o\u00f9 le num\u00e9rique est de plus en plus pr\u00e9sent. Support d&rsquo;\u00e9ducation pour la communaut\u00e9 \u00e9ducative, la Charte consacr\u00e9e \u00e0 la culture et \u00e0 la citoyennet\u00e9 num\u00e9riques s\u2019inscrit pleinement dans la strat\u00e9gie du num\u00e9rique pour l\u2019\u00e9ducation et s\u2019appuie notamment sur le&nbsp;<a rel=\"noreferrer noopener\" href=\"https:\/\/eduscol.education.fr\/721\/evaluer-et-certifier-les-competences-numeriques\" target=\"_blank\">cadre de r\u00e9f\u00e9rence des comp\u00e9tences num\u00e9riques<\/a>&nbsp;issu des pr\u00e9conisations europ\u00e9ennes.<\/p>\n\n\n\n<p>La Charte pour l&rsquo;\u00e9ducation \u00e0 la culture et \u00e0 la citoyennet\u00e9 num\u00e9riques&nbsp;est compos\u00e9e de 14 articles, organis\u00e9s en trois parties&nbsp;:<\/p>\n\n\n\n<ul class=\"wp-block-list\">\n<li><strong>Faire du num\u00e9rique un espace d&rsquo;\u00e9mancipation et d&rsquo;inclusion,<\/strong><\/li>\n\n\n\n<li><strong>Faire du num\u00e9rique un espace de droit,<\/strong><\/li>\n\n\n\n<li><strong>Faire du num\u00e9rique un espace de vigilance.<\/strong><\/li>\n<\/ul>\n<\/div><\/div>\n\n\n<iframe loading=\"lazy\" class=\"embed-pdf-viewer\" src=\"https:\/\/site.ac-martinique.fr\/arts-appliques\/wp-content\/uploads\/sites\/6\/2023\/05\/charte-pour-leducation-a-la-culture-et-a-la-citoyennete-numeriques_2023_a4.pdf\" height=\"600\" width=\"600\" title=\"charte-pour-leducation-a-la-culture-et-a-la-citoyennete-numeriques_2023_a4\"><\/iframe>\n\n\n<p><a href=\"https:\/\/eduscol.education.fr\/3730\/charte-pour-l-education-la-culture-et-la-citoyennete-numeriques\">Charte pour l&rsquo;\u00e9ducation \u00e0 la culture et \u00e0 la citoyennet\u00e9 num\u00e9riques | \u00e9duscol | Minist\u00e8re de l&rsquo;\u00c9ducation nationale et de la Jeunesse &#8211; Direction g\u00e9n\u00e9rale de l&rsquo;enseignement scolaire (education.fr)<\/a><\/p>\n\n\n\n<hr class=\"wp-block-separator has-alpha-channel-opacity\"\/>\n","protected":false},"excerpt":{"rendered":"<p>Charte pour l\u2019\u00e9ducation \u00e0 la culture et \u00e0 la citoyennet\u00e9 num\u00e9riques L\u2019\u00e9ducation \u00e0 la culture et \u00e0 la citoyennet\u00e9 num\u00e9riques est un enjeu majeur pour permettre \u00e0 chacune et chacun d\u2019exercer une citoyennet\u00e9 \u00e9clair\u00e9e dans un monde o\u00f9 le num\u00e9rique &hellip; <a href=\"https:\/\/site.ac-martinique.fr\/arts-appliques\/ressource-numerique\/\">Continuer la lecture <span class=\"meta-nav\">&rarr;<\/span><\/a><\/p>\n","protected":false},"author":9,"featured_media":0,"comment_status":"closed","ping_status":"open","sticky":false,"template":"","format":"standard","meta":{"footnotes":""},"categories":[27,12,18],"tags":[],"class_list":["post-666","post","type-post","status-publish","format-standard","hentry","category-arts-appliques","category-enseignement","category-ressources-numeriques"],"_links":{"self":[{"href":"https:\/\/site.ac-martinique.fr\/arts-appliques\/wp-json\/wp\/v2\/posts\/666","targetHints":{"allow":["GET"]}}],"collection":[{"href":"https:\/\/site.ac-martinique.fr\/arts-appliques\/wp-json\/wp\/v2\/posts"}],"about":[{"href":"https:\/\/site.ac-martinique.fr\/arts-appliques\/wp-json\/wp\/v2\/types\/post"}],"author":[{"embeddable":true,"href":"https:\/\/site.ac-martinique.fr\/arts-appliques\/wp-json\/wp\/v2\/users\/9"}],"replies":[{"embeddable":true,"href":"https:\/\/site.ac-martinique.fr\/arts-appliques\/wp-json\/wp\/v2\/comments?post=666"}],"version-history":[{"count":3,"href":"https:\/\/site.ac-martinique.fr\/arts-appliques\/wp-json\/wp\/v2\/posts\/666\/revisions"}],"predecessor-version":[{"id":675,"href":"https:\/\/site.ac-martinique.fr\/arts-appliques\/wp-json\/wp\/v2\/posts\/666\/revisions\/675"}],"wp:attachment":[{"href":"https:\/\/site.ac-martinique.fr\/arts-appliques\/wp-json\/wp\/v2\/media?parent=666"}],"wp:term":[{"taxonomy":"category","embeddable":true,"href":"https:\/\/site.ac-martinique.fr\/arts-appliques\/wp-json\/wp\/v2\/categories?post=666"},{"taxonomy":"post_tag","embeddable":true,"href":"https:\/\/site.ac-martinique.fr\/arts-appliques\/wp-json\/wp\/v2\/tags?post=666"}],"curies":[{"name":"wp","href":"https:\/\/api.w.org\/{rel}","templated":true}]}}