{"id":730,"date":"2024-03-29T13:17:31","date_gmt":"2024-03-29T17:17:31","guid":{"rendered":"https:\/\/site.ac-martinique.fr\/arts-appliques\/?p=730"},"modified":"2024-03-29T13:17:31","modified_gmt":"2024-03-29T17:17:31","slug":"le-numerique-a-lecole-competences-et-usages","status":"publish","type":"post","link":"https:\/\/site.ac-martinique.fr\/arts-appliques\/le-numerique-a-lecole-competences-et-usages\/","title":{"rendered":"Le num\u00e9rique \u00e0 l&rsquo;\u00e9cole : comp\u00e9tences et usages"},"content":{"rendered":"\n<div class=\"wp-block-media-text alignwide is-stacked-on-mobile\" style=\"grid-template-columns:42% auto\"><figure class=\"wp-block-media-text__media\"><img loading=\"lazy\" decoding=\"async\" width=\"1024\" height=\"809\" src=\"https:\/\/site.ac-martinique.fr\/arts-appliques\/wp-content\/uploads\/sites\/6\/2024\/03\/logoMENJ_tronque-1024x809.png\" alt=\"\" class=\"wp-image-728 size-thumbnail\" srcset=\"https:\/\/site.ac-martinique.fr\/arts-appliques\/wp-content\/uploads\/sites\/6\/2024\/03\/logoMENJ_tronque-1024x809.png 1024w, https:\/\/site.ac-martinique.fr\/arts-appliques\/wp-content\/uploads\/sites\/6\/2024\/03\/logoMENJ_tronque-300x237.png 300w, https:\/\/site.ac-martinique.fr\/arts-appliques\/wp-content\/uploads\/sites\/6\/2024\/03\/logoMENJ_tronque-768x607.png 768w, https:\/\/site.ac-martinique.fr\/arts-appliques\/wp-content\/uploads\/sites\/6\/2024\/03\/logoMENJ_tronque-1536x1214.png 1536w, https:\/\/site.ac-martinique.fr\/arts-appliques\/wp-content\/uploads\/sites\/6\/2024\/03\/logoMENJ_tronque-2048x1618.png 2048w, https:\/\/site.ac-martinique.fr\/arts-appliques\/wp-content\/uploads\/sites\/6\/2024\/03\/logoMENJ_tronque-380x300.png 380w\" sizes=\"auto, (max-width: 1024px) 100vw, 1024px\" \/><\/figure><div class=\"wp-block-media-text__content\">\n<p class=\"has-large-font-size\"><strong>Comp\u00e9tences num\u00e9riques et usage des outils num\u00e9riques pour la r\u00e9ussite des \u00e9l\u00e8ves<\/strong><\/p>\n<\/div><\/div>\n\n\n\n<hr class=\"wp-block-separator has-alpha-channel-opacity\"\/>\n\n\n\n<p class=\"has-medium-font-size\"><strong>Renforcer les comp\u00e9tences num\u00e9riques des \u00e9l\u00e8ves et d\u00e9velopper l&rsquo;usage des outils num\u00e9riques pour la r\u00e9ussite des \u00e9l\u00e8ves<\/strong><\/p>\n\n\n\n<p>Pap Ndiaye, ministre de l\u2019\u00c9ducation nationale et de la Jeunesse, pr\u00e9sente sa vision du num\u00e9rique pour l\u2019\u00c9cole et d\u00e9taille des mesures pour renforcer les comp\u00e9tences num\u00e9riques des \u00e9l\u00e8ves et d\u00e9velopper l\u2019usage des outils num\u00e9riques pour leur r\u00e9ussite. Pap Ndiaye vendredi 27 janvier 2023.<\/p>\n\n\n\n<p>Lien : <a href=\"https:\/\/www.education.gouv.fr\/strategie-du-numerique-pour-l-education-2023-2027-344263\">https:\/\/www.education.gouv.fr\/strategie-du-numerique-pour-l-education-2023-2027-344263<\/a><\/p>\n\n\n\n<ul class=\"wp-block-list\">\n<li>Agir pour d\u00e9velopper la citoyennet\u00e9 num\u00e9rique des \u00e9l\u00e8ves<\/li>\n\n\n\n<li>Agir pour renforcer les comp\u00e9tences num\u00e9riques des \u00e9l\u00e8ves<\/li>\n\n\n\n<li>Agir pour donner aux enseignants l\u2019acc\u00e8s aux outils num\u00e9riques pour enrichir leurs pratiques p\u00e9dagogiques<\/li>\n<\/ul>\n\n\n\n<hr class=\"wp-block-separator has-alpha-channel-opacity\"\/>\n","protected":false},"excerpt":{"rendered":"<p>Comp\u00e9tences num\u00e9riques et usage des outils num\u00e9riques pour la r\u00e9ussite des \u00e9l\u00e8ves Renforcer les comp\u00e9tences num\u00e9riques des \u00e9l\u00e8ves et d\u00e9velopper l&rsquo;usage des outils num\u00e9riques pour la r\u00e9ussite des \u00e9l\u00e8ves Pap Ndiaye, ministre de l\u2019\u00c9ducation nationale et de la Jeunesse, pr\u00e9sente &hellip; <a href=\"https:\/\/site.ac-martinique.fr\/arts-appliques\/le-numerique-a-lecole-competences-et-usages\/\">Continuer la lecture <span class=\"meta-nav\">&rarr;<\/span><\/a><\/p>\n","protected":false},"author":9,"featured_media":0,"comment_status":"closed","ping_status":"open","sticky":false,"template":"","format":"standard","meta":{"footnotes":""},"categories":[27,26,18],"tags":[],"class_list":["post-730","post","type-post","status-publish","format-standard","hentry","category-arts-appliques","category-outils-numeriques","category-ressources-numeriques"],"_links":{"self":[{"href":"https:\/\/site.ac-martinique.fr\/arts-appliques\/wp-json\/wp\/v2\/posts\/730","targetHints":{"allow":["GET"]}}],"collection":[{"href":"https:\/\/site.ac-martinique.fr\/arts-appliques\/wp-json\/wp\/v2\/posts"}],"about":[{"href":"https:\/\/site.ac-martinique.fr\/arts-appliques\/wp-json\/wp\/v2\/types\/post"}],"author":[{"embeddable":true,"href":"https:\/\/site.ac-martinique.fr\/arts-appliques\/wp-json\/wp\/v2\/users\/9"}],"replies":[{"embeddable":true,"href":"https:\/\/site.ac-martinique.fr\/arts-appliques\/wp-json\/wp\/v2\/comments?post=730"}],"version-history":[{"count":2,"href":"https:\/\/site.ac-martinique.fr\/arts-appliques\/wp-json\/wp\/v2\/posts\/730\/revisions"}],"predecessor-version":[{"id":738,"href":"https:\/\/site.ac-martinique.fr\/arts-appliques\/wp-json\/wp\/v2\/posts\/730\/revisions\/738"}],"wp:attachment":[{"href":"https:\/\/site.ac-martinique.fr\/arts-appliques\/wp-json\/wp\/v2\/media?parent=730"}],"wp:term":[{"taxonomy":"category","embeddable":true,"href":"https:\/\/site.ac-martinique.fr\/arts-appliques\/wp-json\/wp\/v2\/categories?post=730"},{"taxonomy":"post_tag","embeddable":true,"href":"https:\/\/site.ac-martinique.fr\/arts-appliques\/wp-json\/wp\/v2\/tags?post=730"}],"curies":[{"name":"wp","href":"https:\/\/api.w.org\/{rel}","templated":true}]}}