{"id":1059,"date":"2022-01-18T04:20:09","date_gmt":"2022-01-18T03:20:09","guid":{"rendered":"https:\/\/site.ac-martinique.fr\/arts-plastiques\/?p=1059"},"modified":"2022-01-18T04:20:09","modified_gmt":"2022-01-18T03:20:09","slug":"bac-2022-epreuve-de-specialite-faq","status":"publish","type":"post","link":"https:\/\/site.ac-martinique.fr\/arts-plastiques\/?p=1059","title":{"rendered":"BAC 2022 &#8211; \u00c9PREUVE DE SP\u00c9CIALIT\u00c9 &#8211; FAQ"},"content":{"rendered":"\n<p>Cette foire aux questions entreprend, au fil des questions et des constats remont\u00e9s, d\u2019apporter des \u00e9l\u00e9ments pour une approche conforme, commune et ouverte de la partie<br>\u00e9crite (1er document) et de la partie orale (second document) de l\u2019\u00e9preuve terminale de sp\u00e9cialit\u00e9. Elle est construite au droit des textes l\u2019encadrant. Sur certains points, elle propose quelques d\u00e9veloppements sous la forme de<br>\u00ab remarques \u00bb Chaque mise \u00e0 jour est dat\u00e9e. Tous les \u00e9l\u00e9ments ajout\u00e9s, potentiellement ajust\u00e9s, figurent \u00e0 chaque fois dans une couleur sp\u00e9cifique.<\/p>\n\n\n\n<p><strong>PARTIE \u00c9CRITE<\/strong><\/p>\n\n\n\n<div data-wp-interactive=\"core\/file\" class=\"wp-block-file\"><object data-wp-bind--hidden=\"!state.hasPdfPreview\" hidden class=\"wp-block-file__embed\" data=\"https:\/\/site.ac-martinique.fr\/arts-plastiques\/wp-content\/uploads\/sites\/4\/2022\/01\/2022_FAQ-EDS-AP_PARTIE-ECRITE_MAJ-du-17-12-2021.pdf\" type=\"application\/pdf\" style=\"width:100%;height:600px\" aria-label=\"Contenu embarqu\u00e9 Contenu embarqu\u00e9 2022_FAQ-EDS-AP_PARTIE-ECRITE_MAJ-du-17-12-2021..\"><\/object><a href=\"https:\/\/site.ac-martinique.fr\/arts-plastiques\/wp-content\/uploads\/sites\/4\/2022\/01\/2022_FAQ-EDS-AP_PARTIE-ECRITE_MAJ-du-17-12-2021.pdf\">2022_FAQ-EDS-AP_PARTIE-ECRITE_MAJ-du-17-12-2021<\/a><a href=\"https:\/\/site.ac-martinique.fr\/arts-plastiques\/wp-content\/uploads\/sites\/4\/2022\/01\/2022_FAQ-EDS-AP_PARTIE-ECRITE_MAJ-du-17-12-2021.pdf\" class=\"wp-block-file__button\" download>T\u00e9l\u00e9charger<\/a><\/div>\n\n\n\n<p><strong>PARTIE ORALE<\/strong><\/p>\n\n\n\n<div data-wp-interactive=\"core\/file\" class=\"wp-block-file\"><object data-wp-bind--hidden=\"!state.hasPdfPreview\" hidden class=\"wp-block-file__embed\" data=\"https:\/\/site.ac-martinique.fr\/arts-plastiques\/wp-content\/uploads\/sites\/4\/2022\/01\/2022_FAQ-EDS-AP_PARTIE-ORALE_MAJ-du-17-12-2021.pdf\" type=\"application\/pdf\" style=\"width:100%;height:600px\" aria-label=\"Contenu embarqu\u00e9 Contenu embarqu\u00e9 2022_FAQ-EDS-AP_PARTIE-ORALE_MAJ-du-17-12-2021..\"><\/object><a href=\"https:\/\/site.ac-martinique.fr\/arts-plastiques\/wp-content\/uploads\/sites\/4\/2022\/01\/2022_FAQ-EDS-AP_PARTIE-ORALE_MAJ-du-17-12-2021.pdf\">2022_FAQ-EDS-AP_PARTIE-ORALE_MAJ-du-17-12-2021<\/a><a href=\"https:\/\/site.ac-martinique.fr\/arts-plastiques\/wp-content\/uploads\/sites\/4\/2022\/01\/2022_FAQ-EDS-AP_PARTIE-ORALE_MAJ-du-17-12-2021.pdf\" class=\"wp-block-file__button\" download>T\u00e9l\u00e9charger<\/a><\/div>\n","protected":false},"excerpt":{"rendered":"<p>Cette foire aux questions entreprend, au fil des questions et des constats remont\u00e9s, d\u2019apporter des \u00e9l\u00e9ments pour une approche conforme, commune et ouverte de la partie\u00e9crite (1er document) et de la partie orale (second document) de l\u2019\u00e9preuve terminale de sp\u00e9cialit\u00e9. &hellip; <a href=\"https:\/\/site.ac-martinique.fr\/arts-plastiques\/?p=1059\">Continuer la lecture <span class=\"meta-nav\">&rarr;<\/span><\/a><\/p>\n","protected":false},"author":6,"featured_media":0,"comment_status":"closed","ping_status":"open","sticky":false,"template":"","format":"standard","meta":{"footnotes":""},"categories":[1],"tags":[],"class_list":["post-1059","post","type-post","status-publish","format-standard","hentry","category-non-classe"],"_links":{"self":[{"href":"https:\/\/site.ac-martinique.fr\/arts-plastiques\/index.php?rest_route=\/wp\/v2\/posts\/1059","targetHints":{"allow":["GET"]}}],"collection":[{"href":"https:\/\/site.ac-martinique.fr\/arts-plastiques\/index.php?rest_route=\/wp\/v2\/posts"}],"about":[{"href":"https:\/\/site.ac-martinique.fr\/arts-plastiques\/index.php?rest_route=\/wp\/v2\/types\/post"}],"author":[{"embeddable":true,"href":"https:\/\/site.ac-martinique.fr\/arts-plastiques\/index.php?rest_route=\/wp\/v2\/users\/6"}],"replies":[{"embeddable":true,"href":"https:\/\/site.ac-martinique.fr\/arts-plastiques\/index.php?rest_route=%2Fwp%2Fv2%2Fcomments&post=1059"}],"version-history":[{"count":1,"href":"https:\/\/site.ac-martinique.fr\/arts-plastiques\/index.php?rest_route=\/wp\/v2\/posts\/1059\/revisions"}],"predecessor-version":[{"id":1063,"href":"https:\/\/site.ac-martinique.fr\/arts-plastiques\/index.php?rest_route=\/wp\/v2\/posts\/1059\/revisions\/1063"}],"wp:attachment":[{"href":"https:\/\/site.ac-martinique.fr\/arts-plastiques\/index.php?rest_route=%2Fwp%2Fv2%2Fmedia&parent=1059"}],"wp:term":[{"taxonomy":"category","embeddable":true,"href":"https:\/\/site.ac-martinique.fr\/arts-plastiques\/index.php?rest_route=%2Fwp%2Fv2%2Fcategories&post=1059"},{"taxonomy":"post_tag","embeddable":true,"href":"https:\/\/site.ac-martinique.fr\/arts-plastiques\/index.php?rest_route=%2Fwp%2Fv2%2Ftags&post=1059"}],"curies":[{"name":"wp","href":"https:\/\/api.w.org\/{rel}","templated":true}]}}