{"id":1094,"date":"2022-05-26T06:18:08","date_gmt":"2022-05-26T05:18:08","guid":{"rendered":"https:\/\/site.ac-martinique.fr\/arts-plastiques\/?p=1094"},"modified":"2022-05-26T06:18:08","modified_gmt":"2022-05-26T05:18:08","slug":"lunivers-numerique-de-mr-m-4","status":"publish","type":"post","link":"https:\/\/site.ac-martinique.fr\/arts-plastiques\/?p=1094","title":{"rendered":"L&rsquo;univers num\u00e9rique de Mr M."},"content":{"rendered":"\n<p><strong>#4 &#8211; Mapping Cr\u00e9atif<\/strong><\/p>\n\n\n\n<p>Excellente exp\u00e9rimentation cr\u00e9ative \u00e0 la port\u00e9e de beaucoup ! Le travail de David Gumbs est \u00e0 mettre en tension avec les productions des \u00e9l\u00e8ves afin d&rsquo;interroger la place du mouvement par exemple ou le r\u00f4le de la couleur &#8230; Je vous laisse d\u00e9couvrir toutes les possibilit\u00e9s ! \u00c0 vos vid\u00e9oprojecteurs, pr\u00eats, &#8230;MAPPEZ !!!<\/p>\n\n\n\n<figure class=\"wp-block-image size-large\"><a href=\"https:\/\/site.ac-martinique.fr\/arts-plastiques\/wp-content\/uploads\/sites\/4\/2022\/05\/Capture-de\u0301cran-2022-05-26-a\u0300-00.55.48.png\"><img loading=\"lazy\" decoding=\"async\" width=\"876\" height=\"1024\" src=\"https:\/\/site.ac-martinique.fr\/arts-plastiques\/wp-content\/uploads\/sites\/4\/2022\/05\/Capture-de\u0301cran-2022-05-26-a\u0300-00.55.48-876x1024.png\" alt=\"\" class=\"wp-image-1095\" srcset=\"https:\/\/site.ac-martinique.fr\/arts-plastiques\/wp-content\/uploads\/sites\/4\/2022\/05\/Capture-de\u0301cran-2022-05-26-a\u0300-00.55.48-876x1024.png 876w, https:\/\/site.ac-martinique.fr\/arts-plastiques\/wp-content\/uploads\/sites\/4\/2022\/05\/Capture-de\u0301cran-2022-05-26-a\u0300-00.55.48-257x300.png 257w, https:\/\/site.ac-martinique.fr\/arts-plastiques\/wp-content\/uploads\/sites\/4\/2022\/05\/Capture-de\u0301cran-2022-05-26-a\u0300-00.55.48-768x897.png 768w, https:\/\/site.ac-martinique.fr\/arts-plastiques\/wp-content\/uploads\/sites\/4\/2022\/05\/Capture-de\u0301cran-2022-05-26-a\u0300-00.55.48-1314x1536.png 1314w, https:\/\/site.ac-martinique.fr\/arts-plastiques\/wp-content\/uploads\/sites\/4\/2022\/05\/Capture-de\u0301cran-2022-05-26-a\u0300-00.55.48.png 1566w\" sizes=\"auto, (max-width: 876px) 100vw, 876px\" \/><\/a><\/figure>\n","protected":false},"excerpt":{"rendered":"<p>#4 &#8211; Mapping Cr\u00e9atif Excellente exp\u00e9rimentation cr\u00e9ative \u00e0 la port\u00e9e de beaucoup ! Le travail de David Gumbs est \u00e0 mettre en tension avec les productions des \u00e9l\u00e8ves afin d&rsquo;interroger la place du mouvement par exemple ou le r\u00f4le de &hellip; <a href=\"https:\/\/site.ac-martinique.fr\/arts-plastiques\/?p=1094\">Continuer la lecture <span class=\"meta-nav\">&rarr;<\/span><\/a><\/p>\n","protected":false},"author":6,"featured_media":0,"comment_status":"closed","ping_status":"open","sticky":false,"template":"","format":"standard","meta":{"footnotes":""},"categories":[1],"tags":[],"class_list":["post-1094","post","type-post","status-publish","format-standard","hentry","category-non-classe"],"_links":{"self":[{"href":"https:\/\/site.ac-martinique.fr\/arts-plastiques\/index.php?rest_route=\/wp\/v2\/posts\/1094","targetHints":{"allow":["GET"]}}],"collection":[{"href":"https:\/\/site.ac-martinique.fr\/arts-plastiques\/index.php?rest_route=\/wp\/v2\/posts"}],"about":[{"href":"https:\/\/site.ac-martinique.fr\/arts-plastiques\/index.php?rest_route=\/wp\/v2\/types\/post"}],"author":[{"embeddable":true,"href":"https:\/\/site.ac-martinique.fr\/arts-plastiques\/index.php?rest_route=\/wp\/v2\/users\/6"}],"replies":[{"embeddable":true,"href":"https:\/\/site.ac-martinique.fr\/arts-plastiques\/index.php?rest_route=%2Fwp%2Fv2%2Fcomments&post=1094"}],"version-history":[{"count":1,"href":"https:\/\/site.ac-martinique.fr\/arts-plastiques\/index.php?rest_route=\/wp\/v2\/posts\/1094\/revisions"}],"predecessor-version":[{"id":1096,"href":"https:\/\/site.ac-martinique.fr\/arts-plastiques\/index.php?rest_route=\/wp\/v2\/posts\/1094\/revisions\/1096"}],"wp:attachment":[{"href":"https:\/\/site.ac-martinique.fr\/arts-plastiques\/index.php?rest_route=%2Fwp%2Fv2%2Fmedia&parent=1094"}],"wp:term":[{"taxonomy":"category","embeddable":true,"href":"https:\/\/site.ac-martinique.fr\/arts-plastiques\/index.php?rest_route=%2Fwp%2Fv2%2Fcategories&post=1094"},{"taxonomy":"post_tag","embeddable":true,"href":"https:\/\/site.ac-martinique.fr\/arts-plastiques\/index.php?rest_route=%2Fwp%2Fv2%2Ftags&post=1094"}],"curies":[{"name":"wp","href":"https:\/\/api.w.org\/{rel}","templated":true}]}}