{"id":1415,"date":"2024-06-19T15:46:24","date_gmt":"2024-06-19T14:46:24","guid":{"rendered":"https:\/\/site.ac-martinique.fr\/arts-plastiques\/?p=1415"},"modified":"2024-06-20T01:59:37","modified_gmt":"2024-06-20T00:59:37","slug":"intelligence-artificielle-et-arts-plastiques-quand-le-professeur-se-virtualise","status":"publish","type":"post","link":"https:\/\/site.ac-martinique.fr\/arts-plastiques\/?p=1415","title":{"rendered":"INTELLIGENCE ARTIFICIELLE ET ARTS PLASTIQUES : QUAND LE PROFESSEUR SE VIRTUALISE &#8230;"},"content":{"rendered":"\n<figure class=\"wp-block-video\"><video height=\"480\" style=\"aspect-ratio: 720 \/ 480;\" width=\"720\" controls src=\"https:\/\/site.ac-martinique.fr\/arts-plastiques\/wp-content\/uploads\/sites\/4\/2024\/06\/RALPH-EDMOND-COURS-EMOJI.mp4\"><\/video><\/figure>\n\n\n\n<p>R\u00e9alis\u00e9 par Ralph Edmond, membre de l&rsquo;\u00e9quipe num\u00e9rique arts plastiques, acad\u00e9mie de Martinique<\/p>\n\n\n\n<!--more-->\n\n\n\n<figure class=\"wp-block-video\"><video height=\"848\" style=\"aspect-ratio: 480 \/ 848;\" width=\"480\" controls src=\"https:\/\/site.ac-martinique.fr\/arts-plastiques\/wp-content\/uploads\/sites\/4\/2024\/06\/WhatsApp-Video-2024-06-19-at-16.55.42-1.mp4\"><\/video><\/figure>\n","protected":false},"excerpt":{"rendered":"<p>R\u00e9alis\u00e9 par Ralph Edmond, membre de l&rsquo;\u00e9quipe num\u00e9rique arts plastiques, acad\u00e9mie de Martinique<\/p>\n","protected":false},"author":6,"featured_media":0,"comment_status":"closed","ping_status":"open","sticky":false,"template":"","format":"standard","meta":{"footnotes":""},"categories":[1],"tags":[],"class_list":["post-1415","post","type-post","status-publish","format-standard","hentry","category-non-classe"],"_links":{"self":[{"href":"https:\/\/site.ac-martinique.fr\/arts-plastiques\/index.php?rest_route=\/wp\/v2\/posts\/1415","targetHints":{"allow":["GET"]}}],"collection":[{"href":"https:\/\/site.ac-martinique.fr\/arts-plastiques\/index.php?rest_route=\/wp\/v2\/posts"}],"about":[{"href":"https:\/\/site.ac-martinique.fr\/arts-plastiques\/index.php?rest_route=\/wp\/v2\/types\/post"}],"author":[{"embeddable":true,"href":"https:\/\/site.ac-martinique.fr\/arts-plastiques\/index.php?rest_route=\/wp\/v2\/users\/6"}],"replies":[{"embeddable":true,"href":"https:\/\/site.ac-martinique.fr\/arts-plastiques\/index.php?rest_route=%2Fwp%2Fv2%2Fcomments&post=1415"}],"version-history":[{"count":3,"href":"https:\/\/site.ac-martinique.fr\/arts-plastiques\/index.php?rest_route=\/wp\/v2\/posts\/1415\/revisions"}],"predecessor-version":[{"id":1678,"href":"https:\/\/site.ac-martinique.fr\/arts-plastiques\/index.php?rest_route=\/wp\/v2\/posts\/1415\/revisions\/1678"}],"wp:attachment":[{"href":"https:\/\/site.ac-martinique.fr\/arts-plastiques\/index.php?rest_route=%2Fwp%2Fv2%2Fmedia&parent=1415"}],"wp:term":[{"taxonomy":"category","embeddable":true,"href":"https:\/\/site.ac-martinique.fr\/arts-plastiques\/index.php?rest_route=%2Fwp%2Fv2%2Fcategories&post=1415"},{"taxonomy":"post_tag","embeddable":true,"href":"https:\/\/site.ac-martinique.fr\/arts-plastiques\/index.php?rest_route=%2Fwp%2Fv2%2Ftags&post=1415"}],"curies":[{"name":"wp","href":"https:\/\/api.w.org\/{rel}","templated":true}]}}