{"id":784,"date":"2021-04-13T23:49:57","date_gmt":"2021-04-13T22:49:57","guid":{"rendered":"https:\/\/site.ac-martinique.fr\/arts-plastiques\/?p=784"},"modified":"2021-04-14T04:25:44","modified_gmt":"2021-04-14T03:25:44","slug":"lettre-edu-num-sur-la-malinformation","status":"publish","type":"post","link":"https:\/\/site.ac-martinique.fr\/arts-plastiques\/?p=784","title":{"rendered":"Lettre Edu Num sur la Malinformation"},"content":{"rendered":"\n<figure class=\"wp-block-image size-large is-resized\"><a href=\"https:\/\/site.ac-martinique.fr\/arts-plastiques\/wp-content\/uploads\/sites\/4\/2021\/04\/Capture-de\u0301cran-2021-04-13-a\u0300-23.12.26.png\"><img loading=\"lazy\" decoding=\"async\" src=\"https:\/\/site.ac-martinique.fr\/arts-plastiques\/wp-content\/uploads\/sites\/4\/2021\/04\/Capture-de\u0301cran-2021-04-13-a\u0300-23.12.26-798x1024.png\" alt=\"\" class=\"wp-image-811\" width=\"326\" height=\"428\" \/><\/a><\/figure>\n\n\n\n<p>Ce second volume aborde plus pr\u00e9cis\u00e9ment&nbsp;<strong>les images et leurs manipulations<\/strong>. Il inclut une bibliographie des sources mobilis\u00e9es \u00e9galement consultable en ligne.<\/p>\n\n\n\n<p>Le spectre des falsifications audiovisuelles \u00e0 travers les sc\u00e9narios p\u00e9dagogiques disciplinaires est \u00e9galement abord\u00e9, en particulier en&nbsp;<strong>arts plastiques<\/strong>, voire de mani\u00e8re plus large et transversale en \u00e9ducation aux m\u00e9dias et \u00e0 l\u2019information (EMI), dans le cadre par exemple d\u2019<strong>eTwinning<\/strong><strong>.<\/strong>&nbsp;Une \u00e9quipe transnationale d\u2019\u00e9l\u00e8ves s\u2019est en effet int\u00e9ress\u00e9e aux nouvelles falsifi\u00e9es v\u00e9hicul\u00e9es sur les diff\u00e9rents relais num\u00e9riques.<\/p>\n\n\n\n<p>Enfin, un&nbsp;<strong>retour d\u2019exp\u00e9rience<\/strong>&nbsp;sur la mani\u00e8re d\u2019aborder les m\u00e9dias synth\u00e9tiques, en particulier les&nbsp;<em>deepfakes<\/em>&nbsp;est \u00e9galement pr\u00e9sent\u00e9.<\/p>\n\n\n\n<p><a href=\"https:\/\/eduscol.education.fr\/2576\/parution-du-second-volet-de-la-lettre-edunum-thematique-sur-la-malinformation\" target=\"_blank\" rel=\"noreferrer noopener\">Cliquez pour acc\u00e9der \u00e0 la lettre<\/a><\/p>\n","protected":false},"excerpt":{"rendered":"<p>Ce second volume aborde plus pr\u00e9cis\u00e9ment&nbsp;les images et leurs manipulations. Il inclut une bibliographie des sources mobilis\u00e9es \u00e9galement consultable en ligne. Le spectre des falsifications audiovisuelles \u00e0 travers les sc\u00e9narios p\u00e9dagogiques disciplinaires est \u00e9galement abord\u00e9, en particulier en&nbsp;arts plastiques, voire &hellip; <a href=\"https:\/\/site.ac-martinique.fr\/arts-plastiques\/?p=784\">Continuer la lecture <span class=\"meta-nav\">&rarr;<\/span><\/a><\/p>\n","protected":false},"author":6,"featured_media":0,"comment_status":"closed","ping_status":"open","sticky":false,"template":"","format":"standard","meta":{"footnotes":""},"categories":[1],"tags":[],"class_list":["post-784","post","type-post","status-publish","format-standard","hentry","category-non-classe"],"_links":{"self":[{"href":"https:\/\/site.ac-martinique.fr\/arts-plastiques\/index.php?rest_route=\/wp\/v2\/posts\/784","targetHints":{"allow":["GET"]}}],"collection":[{"href":"https:\/\/site.ac-martinique.fr\/arts-plastiques\/index.php?rest_route=\/wp\/v2\/posts"}],"about":[{"href":"https:\/\/site.ac-martinique.fr\/arts-plastiques\/index.php?rest_route=\/wp\/v2\/types\/post"}],"author":[{"embeddable":true,"href":"https:\/\/site.ac-martinique.fr\/arts-plastiques\/index.php?rest_route=\/wp\/v2\/users\/6"}],"replies":[{"embeddable":true,"href":"https:\/\/site.ac-martinique.fr\/arts-plastiques\/index.php?rest_route=%2Fwp%2Fv2%2Fcomments&post=784"}],"version-history":[{"count":3,"href":"https:\/\/site.ac-martinique.fr\/arts-plastiques\/index.php?rest_route=\/wp\/v2\/posts\/784\/revisions"}],"predecessor-version":[{"id":815,"href":"https:\/\/site.ac-martinique.fr\/arts-plastiques\/index.php?rest_route=\/wp\/v2\/posts\/784\/revisions\/815"}],"wp:attachment":[{"href":"https:\/\/site.ac-martinique.fr\/arts-plastiques\/index.php?rest_route=%2Fwp%2Fv2%2Fmedia&parent=784"}],"wp:term":[{"taxonomy":"category","embeddable":true,"href":"https:\/\/site.ac-martinique.fr\/arts-plastiques\/index.php?rest_route=%2Fwp%2Fv2%2Fcategories&post=784"},{"taxonomy":"post_tag","embeddable":true,"href":"https:\/\/site.ac-martinique.fr\/arts-plastiques\/index.php?rest_route=%2Fwp%2Fv2%2Ftags&post=784"}],"curies":[{"name":"wp","href":"https:\/\/api.w.org\/{rel}","templated":true}]}}