{"id":932,"date":"2021-05-05T19:17:35","date_gmt":"2021-05-05T18:17:35","guid":{"rendered":"https:\/\/site.ac-martinique.fr\/arts-plastiques\/?p=932"},"modified":"2021-05-05T19:17:55","modified_gmt":"2021-05-05T18:17:55","slug":"les-troubles-de-lapprentissage-expliques-en-videos","status":"publish","type":"post","link":"https:\/\/site.ac-martinique.fr\/arts-plastiques\/?p=932","title":{"rendered":"Les troubles de l\u2019apprentissage expliqu\u00e9s en vid\u00e9os"},"content":{"rendered":"\n<figure class=\"wp-block-image size-large\"><a href=\"https:\/\/www.chusj.org\/fr\/soins-services\/T\/Troubles-de-l-apprentissage\/Videos\/Explications-animees\" target=\"_blank\" rel=\"noopener\"><img loading=\"lazy\" decoding=\"async\" width=\"549\" height=\"216\" src=\"https:\/\/site.ac-martinique.fr\/arts-plastiques\/wp-content\/uploads\/sites\/4\/2021\/05\/Capture-de\u0301cran-2021-05-05-a\u0300-14.09.33.png\" alt=\"\" class=\"wp-image-933\" srcset=\"https:\/\/site.ac-martinique.fr\/arts-plastiques\/wp-content\/uploads\/sites\/4\/2021\/05\/Capture-de\u0301cran-2021-05-05-a\u0300-14.09.33.png 549w, https:\/\/site.ac-martinique.fr\/arts-plastiques\/wp-content\/uploads\/sites\/4\/2021\/05\/Capture-de\u0301cran-2021-05-05-a\u0300-14.09.33-300x118.png 300w, https:\/\/site.ac-martinique.fr\/arts-plastiques\/wp-content\/uploads\/sites\/4\/2021\/05\/Capture-de\u0301cran-2021-05-05-a\u0300-14.09.33-500x197.png 500w\" sizes=\"auto, (max-width: 549px) 100vw, 549px\" \/><\/a><\/figure>\n\n\n\n<p><strong><em>Explications anim\u00e9es sur diff\u00e9rentes formes de handicap physique et cognitif<\/em><\/strong><\/p>\n\n\n\n<p>Le CHU Sainte-Justine au Qu\u00e9bec apporte en mati\u00e8re de soins et services des \u00e9clairages p\u00e9dagogiques sur les difficult\u00e9s et les troubles d\u2019apprentissage ainsi que leurs distinctions. Ces explications sont r\u00e9alis\u00e9es dans un format vid\u00e9o court de quelques minutes pour mieux comprendre les caract\u00e9ristiques et les causes des d\u00e9ficiences \u00e9tudi\u00e9es.&nbsp;<\/p>\n\n\n\n<p>On pourra visionner trois vid\u00e9os consacr\u00e9es aux troubles \u00ab\u00a0dys\u00a0\u00bb suivants\u00a0: dyslexie, dysorthographie et dyscalculie. En compl\u00e9ment, des capsules viennent exposer les comorbidit\u00e9s habituellement retrouv\u00e9es\u00a0: TDA\/H (troubles du d\u00e9ficit de l\u2019attention avec ou sans hyperactivit\u00e9), troubles du d\u00e9veloppement moteur, troubles du langage oral.<\/p>\n\n\n\n<figure class=\"wp-block-image size-large\"><a href=\"https:\/\/www.chusj.org\/fr\/soins-services\/T\/Troubles-de-l-apprentissage\/Videos\/Explications-animees\" target=\"_blank\" rel=\"noopener\"><img loading=\"lazy\" decoding=\"async\" width=\"568\" height=\"376\" src=\"https:\/\/site.ac-martinique.fr\/arts-plastiques\/wp-content\/uploads\/sites\/4\/2021\/05\/Capture-de\u0301cran-2021-05-05-a\u0300-14.15.58.png\" alt=\"\" class=\"wp-image-934\" srcset=\"https:\/\/site.ac-martinique.fr\/arts-plastiques\/wp-content\/uploads\/sites\/4\/2021\/05\/Capture-de\u0301cran-2021-05-05-a\u0300-14.15.58.png 568w, https:\/\/site.ac-martinique.fr\/arts-plastiques\/wp-content\/uploads\/sites\/4\/2021\/05\/Capture-de\u0301cran-2021-05-05-a\u0300-14.15.58-300x199.png 300w, https:\/\/site.ac-martinique.fr\/arts-plastiques\/wp-content\/uploads\/sites\/4\/2021\/05\/Capture-de\u0301cran-2021-05-05-a\u0300-14.15.58-453x300.png 453w\" sizes=\"auto, (max-width: 568px) 100vw, 568px\" \/><\/a><figcaption><a href=\"https:\/\/www.chusj.org\/fr\/soins-services\/T\/Troubles-de-l-apprentissage\/Videos\/Explications-animees\" target=\"_blank\" rel=\"noreferrer noopener\">Cliquez sur l&rsquo;image pour acc\u00e9der au site et visionner les capsules vid\u00e9os<\/a><\/figcaption><\/figure>\n\n\n\n<p><a rel=\"noreferrer noopener\" href=\"https:\/\/www.reseau-canope.fr\/cap-ecole-inclusive.html\" target=\"_blank\">Acc\u00e9der \u00e0 la plateforme CAP \u00e9cole inclusive<\/a><\/p>\n\n\n\n<p><a href=\"https:\/\/www.chusj.org\/fr\/soins-services\/T\/Troubles-de-l-apprentissage\/Videos\/Explications-animees\" target=\"_blank\" rel=\"noreferrer noopener\">Voir les vid\u00e9os<\/a><\/p>\n","protected":false},"excerpt":{"rendered":"<p>Explications anim\u00e9es sur diff\u00e9rentes formes de handicap physique et cognitif Le CHU Sainte-Justine au Qu\u00e9bec apporte en mati\u00e8re de soins et services des \u00e9clairages p\u00e9dagogiques sur les difficult\u00e9s et les troubles d\u2019apprentissage ainsi que leurs distinctions. Ces explications sont r\u00e9alis\u00e9es &hellip; <a href=\"https:\/\/site.ac-martinique.fr\/arts-plastiques\/?p=932\">Continuer la lecture <span class=\"meta-nav\">&rarr;<\/span><\/a><\/p>\n","protected":false},"author":6,"featured_media":0,"comment_status":"closed","ping_status":"open","sticky":false,"template":"","format":"standard","meta":{"footnotes":""},"categories":[1],"tags":[],"class_list":["post-932","post","type-post","status-publish","format-standard","hentry","category-non-classe"],"_links":{"self":[{"href":"https:\/\/site.ac-martinique.fr\/arts-plastiques\/index.php?rest_route=\/wp\/v2\/posts\/932","targetHints":{"allow":["GET"]}}],"collection":[{"href":"https:\/\/site.ac-martinique.fr\/arts-plastiques\/index.php?rest_route=\/wp\/v2\/posts"}],"about":[{"href":"https:\/\/site.ac-martinique.fr\/arts-plastiques\/index.php?rest_route=\/wp\/v2\/types\/post"}],"author":[{"embeddable":true,"href":"https:\/\/site.ac-martinique.fr\/arts-plastiques\/index.php?rest_route=\/wp\/v2\/users\/6"}],"replies":[{"embeddable":true,"href":"https:\/\/site.ac-martinique.fr\/arts-plastiques\/index.php?rest_route=%2Fwp%2Fv2%2Fcomments&post=932"}],"version-history":[{"count":2,"href":"https:\/\/site.ac-martinique.fr\/arts-plastiques\/index.php?rest_route=\/wp\/v2\/posts\/932\/revisions"}],"predecessor-version":[{"id":937,"href":"https:\/\/site.ac-martinique.fr\/arts-plastiques\/index.php?rest_route=\/wp\/v2\/posts\/932\/revisions\/937"}],"wp:attachment":[{"href":"https:\/\/site.ac-martinique.fr\/arts-plastiques\/index.php?rest_route=%2Fwp%2Fv2%2Fmedia&parent=932"}],"wp:term":[{"taxonomy":"category","embeddable":true,"href":"https:\/\/site.ac-martinique.fr\/arts-plastiques\/index.php?rest_route=%2Fwp%2Fv2%2Fcategories&post=932"},{"taxonomy":"post_tag","embeddable":true,"href":"https:\/\/site.ac-martinique.fr\/arts-plastiques\/index.php?rest_route=%2Fwp%2Fv2%2Ftags&post=932"}],"curies":[{"name":"wp","href":"https:\/\/api.w.org\/{rel}","templated":true}]}}