{"id":4551,"date":"2025-08-30T05:59:20","date_gmt":"2025-08-30T09:59:20","guid":{"rendered":"https:\/\/site.ac-martinique.fr\/bss\/?p=4551"},"modified":"2025-08-30T05:59:23","modified_gmt":"2025-08-30T09:59:23","slug":"calendrier-2025-des-journees-mondiales-et-nationales-utiles-pour-les-agents-de-la-fonction-publique","status":"publish","type":"post","link":"https:\/\/site.ac-martinique.fr\/bss\/?p=4551","title":{"rendered":"Calendrier 2025 des journ\u00e9es mondiales et nationales utiles pour les agents de la fonction publique"},"content":{"rendered":"\n\n\n<p>Ce calendrier recense les journ\u00e9es et semaines internationales c\u00e9l\u00e9br\u00e9es tout au long de l\u2019ann\u00e9e, portant sur des th\u00e9matiques vari\u00e9es et constituant des occasions privil\u00e9gi\u00e9es de sensibilisation, de communication et de mobilisation, pouvant \u00eatre utiles \u00e0 tout agent public dans l\u2019exercice de ses missions.<\/p>\n\n\n\n<div class=\"wp-block-buttons is-layout-flex wp-block-buttons-is-layout-flex\">\n<div class=\"wp-block-button\"><a class=\"wp-block-button__link wp-element-button\" href=\"https:\/\/www.weka.fr\/glossaire\/terme\/calendrier-des-journees-nationales-et-mondiales-pour-2025\/?utm_source=chatgpt.com\">consulter le calendrier<\/a><\/div>\n<\/div>\n\n\n\n\n\n\n","protected":false},"excerpt":{"rendered":"<p>Ce calendrier recense les journ\u00e9es et semaines internationales c\u00e9l\u00e9br\u00e9es tout au long de l\u2019ann\u00e9e, portant sur des th\u00e9matiques vari\u00e9es et constituant des occasions privil\u00e9gi\u00e9es de sensibilisation, de communication et de mobilisation, pouvant \u00eatre utiles \u00e0 tout agent public dans l\u2019exercice de ses missions.<\/p>\n","protected":false},"author":450,"featured_media":0,"comment_status":"closed","ping_status":"closed","sticky":false,"template":"","format":"standard","meta":{"footnotes":""},"categories":[234],"tags":[],"class_list":["post-4551","post","type-post","status-publish","format-standard","hentry","category-revue-de-presse"],"_links":{"self":[{"href":"https:\/\/site.ac-martinique.fr\/bss\/index.php?rest_route=\/wp\/v2\/posts\/4551","targetHints":{"allow":["GET"]}}],"collection":[{"href":"https:\/\/site.ac-martinique.fr\/bss\/index.php?rest_route=\/wp\/v2\/posts"}],"about":[{"href":"https:\/\/site.ac-martinique.fr\/bss\/index.php?rest_route=\/wp\/v2\/types\/post"}],"author":[{"embeddable":true,"href":"https:\/\/site.ac-martinique.fr\/bss\/index.php?rest_route=\/wp\/v2\/users\/450"}],"replies":[{"embeddable":true,"href":"https:\/\/site.ac-martinique.fr\/bss\/index.php?rest_route=%2Fwp%2Fv2%2Fcomments&post=4551"}],"version-history":[{"count":1,"href":"https:\/\/site.ac-martinique.fr\/bss\/index.php?rest_route=\/wp\/v2\/posts\/4551\/revisions"}],"predecessor-version":[{"id":4552,"href":"https:\/\/site.ac-martinique.fr\/bss\/index.php?rest_route=\/wp\/v2\/posts\/4551\/revisions\/4552"}],"wp:attachment":[{"href":"https:\/\/site.ac-martinique.fr\/bss\/index.php?rest_route=%2Fwp%2Fv2%2Fmedia&parent=4551"}],"wp:term":[{"taxonomy":"category","embeddable":true,"href":"https:\/\/site.ac-martinique.fr\/bss\/index.php?rest_route=%2Fwp%2Fv2%2Fcategories&post=4551"},{"taxonomy":"post_tag","embeddable":true,"href":"https:\/\/site.ac-martinique.fr\/bss\/index.php?rest_route=%2Fwp%2Fv2%2Ftags&post=4551"}],"curies":[{"name":"wp","href":"https:\/\/api.w.org\/{rel}","templated":true}]}}