{"id":4611,"date":"2025-12-08T09:32:29","date_gmt":"2025-12-08T13:32:29","guid":{"rendered":"https:\/\/site.ac-martinique.fr\/bss\/?p=4611"},"modified":"2025-12-08T09:32:30","modified_gmt":"2025-12-08T13:32:30","slug":"orientation-un-format-a-la-carte-propose-aux-eleves-de-la-filiere-st2s-du-lgt-frantz-fanon","status":"publish","type":"post","link":"https:\/\/site.ac-martinique.fr\/bss\/?p=4611","title":{"rendered":"Orientation \u2013 \u00ab\u00a0Un format \u00e0 la carte\u00a0\u00bb propos\u00e9 aux \u00e9l\u00e8ves de la fili\u00e8re ST2S du LGT Frantz FANON"},"content":{"rendered":"\n<p>Un forum intitul\u00e9 \u00ab <em>Pour une diversit\u00e9 de parcours pour les \u00e9l\u00e8ves de la fili\u00e8re ST2S<\/em> \u00bb, inscrit dans les orientations du Plan Avenir et coordonn\u00e9 par Christelle Ransay, professeure de STMS, s\u2019est tenu le mardi 25 novembre 2025 au LGT Frantz Fanon.<\/p>\n<h3><strong><a href=\"https:\/\/site.ac-martinique.fr\/lyc-fanon\/?p=3143\">Lire l&#8217;article<\/a><\/strong><\/h3>\n\n\n\n\n\n<div class=\"wp-block-buttons is-layout-flex wp-block-buttons-is-layout-flex\"><\/div>\n\n\n\n\n","protected":false},"excerpt":{"rendered":"<p>Un forum intitul\u00e9 \u00ab Pour une diversit\u00e9 de parcours pour les \u00e9l\u00e8ves de la fili\u00e8re ST2S \u00bb, inscrit dans les orientations du Plan Avenir et coordonn\u00e9 par Christelle Ransay, professeure de STMS, s\u2019est tenu le mardi 25 novembre 2025 au LGT Frantz Fanon. Lire l&#8217;article<\/p>\n","protected":false},"author":450,"featured_media":0,"comment_status":"closed","ping_status":"closed","sticky":false,"template":"","format":"standard","meta":{"footnotes":""},"categories":[109,44,249,230],"tags":[],"class_list":["post-4611","post","type-post","status-publish","format-standard","hentry","category-actualites","category-bac-sciences-et-technologie-de-la-sante-et-du-social","category-partages-de-projets-voyages-educatifs","category-sorienter"],"_links":{"self":[{"href":"https:\/\/site.ac-martinique.fr\/bss\/index.php?rest_route=\/wp\/v2\/posts\/4611","targetHints":{"allow":["GET"]}}],"collection":[{"href":"https:\/\/site.ac-martinique.fr\/bss\/index.php?rest_route=\/wp\/v2\/posts"}],"about":[{"href":"https:\/\/site.ac-martinique.fr\/bss\/index.php?rest_route=\/wp\/v2\/types\/post"}],"author":[{"embeddable":true,"href":"https:\/\/site.ac-martinique.fr\/bss\/index.php?rest_route=\/wp\/v2\/users\/450"}],"replies":[{"embeddable":true,"href":"https:\/\/site.ac-martinique.fr\/bss\/index.php?rest_route=%2Fwp%2Fv2%2Fcomments&post=4611"}],"version-history":[{"count":4,"href":"https:\/\/site.ac-martinique.fr\/bss\/index.php?rest_route=\/wp\/v2\/posts\/4611\/revisions"}],"predecessor-version":[{"id":4615,"href":"https:\/\/site.ac-martinique.fr\/bss\/index.php?rest_route=\/wp\/v2\/posts\/4611\/revisions\/4615"}],"wp:attachment":[{"href":"https:\/\/site.ac-martinique.fr\/bss\/index.php?rest_route=%2Fwp%2Fv2%2Fmedia&parent=4611"}],"wp:term":[{"taxonomy":"category","embeddable":true,"href":"https:\/\/site.ac-martinique.fr\/bss\/index.php?rest_route=%2Fwp%2Fv2%2Fcategories&post=4611"},{"taxonomy":"post_tag","embeddable":true,"href":"https:\/\/site.ac-martinique.fr\/bss\/index.php?rest_route=%2Fwp%2Fv2%2Ftags&post=4611"}],"curies":[{"name":"wp","href":"https:\/\/api.w.org\/{rel}","templated":true}]}}