{"id":1146,"date":"2012-10-06T16:17:52","date_gmt":"2012-10-06T16:17:52","guid":{"rendered":"\/cardie\/?p=1146"},"modified":"2014-12-12T23:41:59","modified_gmt":"2014-12-12T23:41:59","slug":"garantir-aux-eleves-dys-un-acces-aux-etudes-superieures-au-lycee-bellevue","status":"publish","type":"post","link":"https:\/\/site.ac-martinique.fr\/cardie\/?p=1146","title":{"rendered":"Garantir aux \u00e9l\u00e8ves &#8220;dys&#8221; un acc\u00e8s aux \u00e9tudes sup\u00e9rieures au lyc\u00e9e Bellevue"},"content":{"rendered":"<p style=\"text-align: justify\"><span style=\"font-size: small\"><strong><strong><strong><img loading=\"lazy\" decoding=\"async\" src=\"\/cardie\/wp-content\/uploads\/sites\/8\/2011\/06\/Post_Expe.jpg\" alt=\"\" width=\"640\" height=\"5\" \/><\/strong><\/strong>D\u00e9but de l&#8217;action:<\/strong> 01\/09\/2011<strong><br \/>\n<\/strong><\/span><\/p>\n<p style=\"text-align: justify\"><span style=\"font-size: small\"><strong>Niveau: <\/strong><\/span><span style=\"font-size: small\">De la classe de seconde au post-bac<br \/>\n<\/span><\/p>\n<p style=\"text-align: justify\"><span style=\"font-size: small\"><strong>Objectifs:\u00a0<\/strong><\/span><span style=\"font-size: small\">\u00a0 <\/span><span style=\"font-size: small\">Renforcer l\u2019inclusion de tous les \u00e9l\u00e8ves \u00ab\u00a0dys\u00a0\u00bb et assurer \u00e0 tous les \u00e9l\u00e8ves \u00ab\u00a0dys\u00a0\u00bb les conditions de l\u2019obtention du dipl\u00f4me le plus \u00e9lev\u00e9 possible. Favoriser l\u2019\u00e9galit\u00e9 des chances.<br \/>\n<\/span><\/p>\n<p style=\"text-align: justify\"><span style=\"font-size: small\"><strong>R\u00e9sum\u00e9 du projet\u00a0: <\/strong><\/span><span style=\"font-size: small\">Trois types d&#8217;actions : -D\u00e9marche de Formation et sensibilisation des enseignants ancr\u00e9e dans la r\u00e9flexivit\u00e9. &#8211; Un accompagnement des \u00e9l\u00e8ves \u00ab\u00a0Dys\u00a0\u00bb vers la certification. &#8211; Cr\u00e9ation de nouvelles ressources didactiques et p\u00e9dagogiques\u00a0: ressources en ligne, aide par les paires\u00a0: valides\/Dys, espace sp\u00e9cifique au CDI\/Vie Scolaire.<\/span><\/p>\n<p style=\"text-align: justify\"><span style=\"font-size: small\"><strong>Contact\u00a0:<\/strong>Yves Huguet \/ <a href=\"mailto:yveshuguet@wanadoo.fr\">yveshuguet@wanadoo.fr<\/a><strong><br \/>\n<\/strong><\/span><\/p>\n<p style=\"text-align: justify\"><span style=\"font-size: small\"><strong>Le dossier d\u00e9taill\u00e9 :\u00a0 \u00a0<img loading=\"lazy\" decoding=\"async\" src=\"\/cardie\/wp-content\/uploads\/sites\/8\/2011\/05\/Download.jpg\" alt=\"\" width=\"42\" height=\"44\" \/><\/strong><\/span><\/p>\n<p style=\"text-align: justify\"><span style=\"font-size: small\"><strong><strong><strong><img loading=\"lazy\" decoding=\"async\" src=\"\/cardie\/wp-content\/uploads\/sites\/8\/2011\/06\/Post_Expe.jpg\" alt=\"\" width=\"640\" height=\"5\" \/><\/strong><\/strong><\/strong><\/span><\/p>\n","protected":false},"excerpt":{"rendered":"<p>D\u00e9but de l&#8217;action: 01\/09\/2011 Niveau: De la classe de seconde au post-bac Objectifs:\u00a0\u00a0 Renforcer l\u2019inclusion de tous les \u00e9l\u00e8ves \u00ab\u00a0dys\u00a0\u00bb et assurer \u00e0 tous les \u00e9l\u00e8ves \u00ab\u00a0dys\u00a0\u00bb les conditions de l\u2019obtention du dipl\u00f4me le plus \u00e9lev\u00e9 possible. Favoriser l\u2019\u00e9galit\u00e9 des chances. R\u00e9sum\u00e9 du projet\u00a0: Trois types d&#8217;actions : -D\u00e9marche de&#8230; <a class=\"continue-reading-link\" href=\"https:\/\/site.ac-martinique.fr\/cardie\/?p=1146\"> Continue reading <span class=\"meta-nav\">&rarr; <\/span><\/a><\/p>\n","protected":false},"author":11,"featured_media":0,"comment_status":"closed","ping_status":"closed","sticky":false,"template":"","format":"standard","meta":{"footnotes":""},"categories":[11],"tags":[],"class_list":["post-1146","post","type-post","status-publish","format-standard","hentry","category-experimentations"],"_links":{"self":[{"href":"https:\/\/site.ac-martinique.fr\/cardie\/index.php?rest_route=\/wp\/v2\/posts\/1146","targetHints":{"allow":["GET"]}}],"collection":[{"href":"https:\/\/site.ac-martinique.fr\/cardie\/index.php?rest_route=\/wp\/v2\/posts"}],"about":[{"href":"https:\/\/site.ac-martinique.fr\/cardie\/index.php?rest_route=\/wp\/v2\/types\/post"}],"author":[{"embeddable":true,"href":"https:\/\/site.ac-martinique.fr\/cardie\/index.php?rest_route=\/wp\/v2\/users\/11"}],"replies":[{"embeddable":true,"href":"https:\/\/site.ac-martinique.fr\/cardie\/index.php?rest_route=%2Fwp%2Fv2%2Fcomments&post=1146"}],"version-history":[{"count":7,"href":"https:\/\/site.ac-martinique.fr\/cardie\/index.php?rest_route=\/wp\/v2\/posts\/1146\/revisions"}],"predecessor-version":[{"id":2074,"href":"https:\/\/site.ac-martinique.fr\/cardie\/index.php?rest_route=\/wp\/v2\/posts\/1146\/revisions\/2074"}],"wp:attachment":[{"href":"https:\/\/site.ac-martinique.fr\/cardie\/index.php?rest_route=%2Fwp%2Fv2%2Fmedia&parent=1146"}],"wp:term":[{"taxonomy":"category","embeddable":true,"href":"https:\/\/site.ac-martinique.fr\/cardie\/index.php?rest_route=%2Fwp%2Fv2%2Fcategories&post=1146"},{"taxonomy":"post_tag","embeddable":true,"href":"https:\/\/site.ac-martinique.fr\/cardie\/index.php?rest_route=%2Fwp%2Fv2%2Ftags&post=1146"}],"curies":[{"name":"wp","href":"https:\/\/api.w.org\/{rel}","templated":true}]}}