{"id":1233,"date":"2012-02-16T22:56:57","date_gmt":"2012-02-16T22:56:57","guid":{"rendered":"\/cardie\/?p=1233"},"modified":"2012-06-16T23:47:03","modified_gmt":"2012-06-16T23:47:03","slug":"lettre-innovation-fevrier-2012","status":"publish","type":"post","link":"https:\/\/site.ac-martinique.fr\/cardie\/?p=1233","title":{"rendered":"Lettre Innovation \/ F\u00e9vrier 2012"},"content":{"rendered":"<h2><strong><strong><a href=\"\/cardie\/wp-content\/uploads\/sites\/8\/2011\/05\/Posts.jpg\"><img loading=\"lazy\" decoding=\"async\" src=\"\/cardie\/wp-content\/uploads\/sites\/8\/2011\/06\/Posts3.jpg\" alt=\"\" width=\"640\" height=\"32\" \/><\/a><\/strong><\/strong>Lettre de f\u00e9vrier 2012, num\u00e9ro sp\u00e9cial &#8220;Langues et monde moderne&#8221;<\/h2>\n<p>\u00c0 l&#8217;occasion des <em>Rencontres &#8220;Langues anciennes, monde moderne&#8221;<\/em> des 31 janvier et 1er f\u00e9vrier 2012 au Lyc\u00e9e Louis Le Grand \u00e0 Paris<\/p>\n<ul>\n<li><strong>Le th\u00e8me du mois : &#8220;Humanit\u00e9s innovantes&#8221;<br \/>\n<\/strong><em>Visite guid\u00e9e du site &#8220;Latine loquere&#8221; dans l&#8217;acad\u00e9mie de Grenoble<\/em><\/li>\n<li><strong>L&#8217;\u00e9cho de l&#8217;acad\u00e9mie de Bordeaux<br \/>\n<\/strong><em>Langues et cultures de l&#8217;antiquit\u00e9 en milieu rural<\/em><\/li>\n<li><strong>La recherche avance<br \/>\n<\/strong><em>Le rapport &#8220;Apprendre les langues, apprendre le monde&#8221; du Comit\u00e9 strat\u00e9gique des langues<\/em><\/li>\n<\/ul>\n<p><a title=\"Lettre de f\u00e9vrier 2012\" href=\"http:\/\/applications.eduscol.education.fr\/lettre.innovation\/2012_02_lettre_innovation.html\">Lettre de f\u00e9vrier\u00a02012<\/a><\/p>\n<h5><strong><strong><a href=\"\/cardie\/wp-content\/uploads\/sites\/8\/2011\/05\/Posts.jpg\"><img loading=\"lazy\" decoding=\"async\" src=\"\/cardie\/wp-content\/uploads\/sites\/8\/2011\/06\/Posts3.jpg\" alt=\"\" width=\"640\" height=\"32\" \/><\/a><\/strong><\/strong><\/h5>\n","protected":false},"excerpt":{"rendered":"<p>Lettre de f\u00e9vrier 2012, num\u00e9ro sp\u00e9cial &#8220;Langues et monde moderne&#8221; \u00c0 l&#8217;occasion des Rencontres &#8220;Langues anciennes, monde moderne&#8221; des 31 janvier et 1er f\u00e9vrier 2012 au Lyc\u00e9e Louis Le Grand \u00e0 Paris Le th\u00e8me du mois : &#8220;Humanit\u00e9s innovantes&#8221; Visite guid\u00e9e du site &#8220;Latine loquere&#8221; dans l&#8217;acad\u00e9mie de Grenoble L&#8217;\u00e9cho&#8230; <a class=\"continue-reading-link\" href=\"https:\/\/site.ac-martinique.fr\/cardie\/?p=1233\"> Continue reading <span class=\"meta-nav\">&rarr; <\/span><\/a><\/p>\n","protected":false},"author":11,"featured_media":0,"comment_status":"closed","ping_status":"closed","sticky":false,"template":"","format":"standard","meta":{"footnotes":""},"categories":[1],"tags":[],"class_list":["post-1233","post","type-post","status-publish","format-standard","hentry","category-non-classe"],"_links":{"self":[{"href":"https:\/\/site.ac-martinique.fr\/cardie\/index.php?rest_route=\/wp\/v2\/posts\/1233","targetHints":{"allow":["GET"]}}],"collection":[{"href":"https:\/\/site.ac-martinique.fr\/cardie\/index.php?rest_route=\/wp\/v2\/posts"}],"about":[{"href":"https:\/\/site.ac-martinique.fr\/cardie\/index.php?rest_route=\/wp\/v2\/types\/post"}],"author":[{"embeddable":true,"href":"https:\/\/site.ac-martinique.fr\/cardie\/index.php?rest_route=\/wp\/v2\/users\/11"}],"replies":[{"embeddable":true,"href":"https:\/\/site.ac-martinique.fr\/cardie\/index.php?rest_route=%2Fwp%2Fv2%2Fcomments&post=1233"}],"version-history":[{"count":2,"href":"https:\/\/site.ac-martinique.fr\/cardie\/index.php?rest_route=\/wp\/v2\/posts\/1233\/revisions"}],"predecessor-version":[{"id":1284,"href":"https:\/\/site.ac-martinique.fr\/cardie\/index.php?rest_route=\/wp\/v2\/posts\/1233\/revisions\/1284"}],"wp:attachment":[{"href":"https:\/\/site.ac-martinique.fr\/cardie\/index.php?rest_route=%2Fwp%2Fv2%2Fmedia&parent=1233"}],"wp:term":[{"taxonomy":"category","embeddable":true,"href":"https:\/\/site.ac-martinique.fr\/cardie\/index.php?rest_route=%2Fwp%2Fv2%2Fcategories&post=1233"},{"taxonomy":"post_tag","embeddable":true,"href":"https:\/\/site.ac-martinique.fr\/cardie\/index.php?rest_route=%2Fwp%2Fv2%2Ftags&post=1233"}],"curies":[{"name":"wp","href":"https:\/\/api.w.org\/{rel}","templated":true}]}}