{"id":193,"date":"2011-10-06T11:36:56","date_gmt":"2011-10-06T11:36:56","guid":{"rendered":"http:\/\/cms.ac-martinique.fr\/structure\/cardie\/?p=193"},"modified":"2012-10-09T19:40:35","modified_gmt":"2012-10-09T19:40:35","slug":"module-dintegration-6eme-au-college-des-terres-sainville-de-fort-de-france","status":"publish","type":"post","link":"https:\/\/site.ac-martinique.fr\/cardie\/?p=193","title":{"rendered":"Module d\u2019int\u00e9gration 6\u00e8me  au coll\u00e8ge des Terres Sainville de Fort de France"},"content":{"rendered":"<p style=\"text-align: justify;\"><span style=\"font-size: small;\"><strong><strong><strong><img loading=\"lazy\" decoding=\"async\" src=\"\/cardie\/wp-content\/uploads\/sites\/8\/2011\/06\/Post_Expe.jpg\" alt=\"\" width=\"640\" height=\"5\" \/><\/strong><\/strong>D\u00e9but de l&#8217;action: <\/strong>01\/09\/2010<\/span><\/p>\n<p style=\"text-align: justify;\"><span style=\"font-size: small;\"><strong>Niveau: <\/strong>toutes les classes de sixi\u00e8me (3 sem \u00e0 la rentr\u00e9e)<\/span><\/p>\n<p style=\"text-align: justify;\">\n<p style=\"text-align: justify;\"><span style=\"font-size: small;\"><strong>Objectifs: <\/strong>Ma\u00eetrise des comp\u00e9tences n\u00e9cessaires et fondamentales en fran\u00e7ais, en math\u00e9matiques et en m\u00e9thodologie (base du socle commun de connaissances et de comp\u00e9tences)<strong> <\/strong><\/span><\/p>\n<p style=\"text-align: justify;\">\n<p style=\"text-align: justify;\"><span style=\"font-size: small;\"><strong>Axe du projet acad\u00e9mique: <\/strong>Assurer la ma\u00eetrise des comp\u00e9tences fondamentales en fran\u00e7ais et math\u00e9matiques<\/span><\/p>\n<p style=\"text-align: justify;\"><span style=\"font-size: small;\"><strong>R\u00e9sum\u00e9 du projet\u00a0: <\/strong>Ce projet a pour objectif premier d&#8217;accueillir et de prendre en charge tous les \u00e9l\u00e8ves de sixi\u00e8me afin de faciliter leur entr\u00e9e dans les apprentissages du \u00a0cycle d&#8217;adaptation. Ce module est la finalit\u00e9 d&#8217;un travail collaboratif entre les enseignants du CM2 et ceux du coll\u00e8ge. De nombreuses rencontres ont permis une mutualisation et une harmonisation des pratiques, mais aussi l&#8217;\u00e9laboration d&#8217;outils p\u00e9dagogiques permettant de mesurer pr\u00e9cis\u00e9ment les acquis des \u00e9l\u00e8ves en fin de cycle 3. Le projet dure 3 semaines au mois de septembre. Les \u00e9l\u00e8ves suivent leur emploi du temps normal. En fran\u00e7ais et math\u00e9matiques, les classes sont d\u00e9doubl\u00e9es et un travail intensif sur les comp\u00e9tences disciplinaires et m\u00e9thodologiques est r\u00e9alis\u00e9. Dans les autres disciplines, l&#8217;objectif est de renforcer des comp\u00e9tences d\u00e9finies en fran\u00e7ais, maths et m\u00e9thodologie en utilisant des supports relatifs \u00e0 chaque discipline.<\/span><\/p>\n<p style=\"text-align: justify;\"><span style=\"font-size: small;\"><strong>Contact\u00a0: <\/strong>L\u00e9onPolomat\u00a0\/ <a href=\"mailto:l\u00e9on.polomat@ac-martinique.fr\">l\u00e9on.polomat@ac-martinique.fr<\/a><\/span><\/p>\n<p style=\"text-align: justify;\"><span style=\"font-size: small;\"><strong>Le dossier d\u00e9taill\u00e9 :\u00a0 \u00a0<img loading=\"lazy\" decoding=\"async\" title=\"Download\" src=\"\/cardie\/wp-content\/uploads\/sites\/8\/2011\/05\/Download.jpg\" alt=\"\" width=\"42\" height=\"44\" \/><\/strong><\/span><\/p>\n<p style=\"text-align: justify;\"><span style=\"font-size: small;\"><strong><strong><strong><img loading=\"lazy\" decoding=\"async\" src=\"\/cardie\/wp-content\/uploads\/sites\/8\/2011\/06\/Post_Expe.jpg\" alt=\"\" width=\"640\" height=\"5\" \/><\/strong><\/strong><br \/>\n<\/strong><\/span><\/p>\n","protected":false},"excerpt":{"rendered":"<p><span style=\"font-size: small; color: #000000; background-color: #ffffff;\"><\/span>  <a class=\"continue-reading-link\" href=\"https:\/\/site.ac-martinique.fr\/cardie\/?p=193\"> Continue reading <span class=\"meta-nav\">&rarr; <\/span><\/a><\/p>\n","protected":false},"author":11,"featured_media":0,"comment_status":"closed","ping_status":"closed","sticky":false,"template":"","format":"standard","meta":{"footnotes":""},"categories":[1],"tags":[29,38,43,47,48,56,64],"class_list":["post-193","post","type-post","status-publish","format-standard","hentry","category-non-classe","tag-college","tag-experimentation","tag-francais","tag-integration","tag-interdisciplinarite-2","tag-mathematiques","tag-sixieme"],"_links":{"self":[{"href":"https:\/\/site.ac-martinique.fr\/cardie\/index.php?rest_route=\/wp\/v2\/posts\/193","targetHints":{"allow":["GET"]}}],"collection":[{"href":"https:\/\/site.ac-martinique.fr\/cardie\/index.php?rest_route=\/wp\/v2\/posts"}],"about":[{"href":"https:\/\/site.ac-martinique.fr\/cardie\/index.php?rest_route=\/wp\/v2\/types\/post"}],"author":[{"embeddable":true,"href":"https:\/\/site.ac-martinique.fr\/cardie\/index.php?rest_route=\/wp\/v2\/users\/11"}],"replies":[{"embeddable":true,"href":"https:\/\/site.ac-martinique.fr\/cardie\/index.php?rest_route=%2Fwp%2Fv2%2Fcomments&post=193"}],"version-history":[{"count":1,"href":"https:\/\/site.ac-martinique.fr\/cardie\/index.php?rest_route=\/wp\/v2\/posts\/193\/revisions"}],"predecessor-version":[{"id":1781,"href":"https:\/\/site.ac-martinique.fr\/cardie\/index.php?rest_route=\/wp\/v2\/posts\/193\/revisions\/1781"}],"wp:attachment":[{"href":"https:\/\/site.ac-martinique.fr\/cardie\/index.php?rest_route=%2Fwp%2Fv2%2Fmedia&parent=193"}],"wp:term":[{"taxonomy":"category","embeddable":true,"href":"https:\/\/site.ac-martinique.fr\/cardie\/index.php?rest_route=%2Fwp%2Fv2%2Fcategories&post=193"},{"taxonomy":"post_tag","embeddable":true,"href":"https:\/\/site.ac-martinique.fr\/cardie\/index.php?rest_route=%2Fwp%2Fv2%2Ftags&post=193"}],"curies":[{"name":"wp","href":"https:\/\/api.w.org\/{rel}","templated":true}]}}