{"id":2565,"date":"2020-11-09T15:03:22","date_gmt":"2020-11-09T15:03:22","guid":{"rendered":"\/cardie\/?p=2565"},"modified":"2021-03-19T17:16:28","modified_gmt":"2021-03-19T17:16:28","slug":"appel-a-projets-national-2020-2021-journee-nationale-de-linnovation","status":"publish","type":"post","link":"https:\/\/site.ac-martinique.fr\/cardie\/?p=2565","title":{"rendered":"Appel \u00e0 projets national 2020-2021 \u00ab Journ\u00e9e nationale de l&#8217;innovation \u00bb"},"content":{"rendered":"<p style=\"text-align: center\"><a href=\"\/cardie\/wp-content\/uploads\/sites\/8\/2020\/11\/entete-JNI-2021-1.png\"><img loading=\"lazy\" decoding=\"async\" class=\"size-full wp-image-2571 alignnone\" src=\"\/cardie\/wp-content\/uploads\/sites\/8\/2020\/11\/entete-JNI-2021-1.png\" alt=\"\" width=\"990\" height=\"415\" \/><\/a><\/p>\n<p>&nbsp;<\/p>\n<p>L&#8217;appel \u00e0 projets national pour la Journ\u00e9e nationale de l&#8217;innovation a pour but d&#8217;identifier des projets d&#8217;innovation et d&#8217;exp\u00e9rimentation de qualit\u00e9 dont il s&#8217;agit de mutualiser au niveau national les apports.<\/p>\n<p>Pour l&#8217;ann\u00e9e 2020\/2021, cinq th\u00e9matiques structurantes ont \u00e9t\u00e9 retenues:<\/p>\n<ol>\n<li>Le rapport au savoir \u00e0 l&#8217;\u00e8re du num\u00e9rique,<\/li>\n<li>Favoriser le travail collectif pour les \u00e9quipes \u00e9ducatives et pour les \u00e9l\u00e8ves,<\/li>\n<li>La co-\u00e9ducation innovante avec les familles et les partenaires territoriaux,<\/li>\n<li>L&#8217;organisation : quelles transformations de l&#8217;espace-temps scolaire ?<\/li>\n<li>Le territoire comme ressource \u00e9ducative.<\/li>\n<\/ol>\n<p>Avec l&#8217;appui et le conseil de la CARDIE, les projets innovants qui se distinguent par la qualit\u00e9 de leur construction et de leur potentiel de transfert peuvent \u00eatre d\u00e9pos\u00e9s sur l&#8217;application <a href=\"https:\/\/innovatheque-pub.education.gouv.fr\/innovatheque\/accueil\"><img loading=\"lazy\" decoding=\"async\" class=\"aligncenter size-full wp-image-2569\" src=\"\/cardie\/wp-content\/uploads\/sites\/8\/2020\/11\/logo_innovatheque_standard.png\" alt=\"\" width=\"213\" height=\"46\" \/><\/a><\/p>\n<p>L&#8217;\u00e9quipe de la CARDIE vous accompagne dans le processus de r\u00e9ponse \u00e0 l&#8217;appel \u00e0 projets<\/p>\n<p><a href=\"\/cardie\/wp-content\/uploads\/sites\/8\/2020\/11\/5a358fef07fbb3.4535094415134596950327.png\"><img loading=\"lazy\" decoding=\"async\" class=\"wp-image-2578 alignnone\" src=\"\/cardie\/wp-content\/uploads\/sites\/8\/2020\/11\/5a358fef07fbb3.4535094415134596950327.png\" alt=\"\" width=\"33\" height=\"33\" \/>\u00a0<\/a><a href=\"mailto:cardie@ac-martinique.fr\">cardie@ac-martinique.fr<\/a><\/p>\n<p>&nbsp;<\/p>\n","protected":false},"excerpt":{"rendered":"<p>&nbsp; L&#8217;appel \u00e0 projets national pour la Journ\u00e9e nationale de l&#8217;innovation a pour but d&#8217;identifier des projets d&#8217;innovation et d&#8217;exp\u00e9rimentation de qualit\u00e9 dont il s&#8217;agit de mutualiser au niveau national les apports. Pour l&#8217;ann\u00e9e 2020\/2021, cinq th\u00e9matiques structurantes ont \u00e9t\u00e9 retenues: Le rapport au savoir \u00e0 l&#8217;\u00e8re du num\u00e9rique, Favoriser&#8230; <a class=\"continue-reading-link\" href=\"https:\/\/site.ac-martinique.fr\/cardie\/?p=2565\"> Continue reading <span class=\"meta-nav\">&rarr; <\/span><\/a><\/p>\n","protected":false},"author":11,"featured_media":0,"comment_status":"closed","ping_status":"closed","sticky":false,"template":"","format":"standard","meta":{"footnotes":""},"categories":[1],"tags":[],"class_list":["post-2565","post","type-post","status-publish","format-standard","hentry","category-non-classe"],"_links":{"self":[{"href":"https:\/\/site.ac-martinique.fr\/cardie\/index.php?rest_route=\/wp\/v2\/posts\/2565","targetHints":{"allow":["GET"]}}],"collection":[{"href":"https:\/\/site.ac-martinique.fr\/cardie\/index.php?rest_route=\/wp\/v2\/posts"}],"about":[{"href":"https:\/\/site.ac-martinique.fr\/cardie\/index.php?rest_route=\/wp\/v2\/types\/post"}],"author":[{"embeddable":true,"href":"https:\/\/site.ac-martinique.fr\/cardie\/index.php?rest_route=\/wp\/v2\/users\/11"}],"replies":[{"embeddable":true,"href":"https:\/\/site.ac-martinique.fr\/cardie\/index.php?rest_route=%2Fwp%2Fv2%2Fcomments&post=2565"}],"version-history":[{"count":1,"href":"https:\/\/site.ac-martinique.fr\/cardie\/index.php?rest_route=\/wp\/v2\/posts\/2565\/revisions"}],"predecessor-version":[{"id":2614,"href":"https:\/\/site.ac-martinique.fr\/cardie\/index.php?rest_route=\/wp\/v2\/posts\/2565\/revisions\/2614"}],"wp:attachment":[{"href":"https:\/\/site.ac-martinique.fr\/cardie\/index.php?rest_route=%2Fwp%2Fv2%2Fmedia&parent=2565"}],"wp:term":[{"taxonomy":"category","embeddable":true,"href":"https:\/\/site.ac-martinique.fr\/cardie\/index.php?rest_route=%2Fwp%2Fv2%2Fcategories&post=2565"},{"taxonomy":"post_tag","embeddable":true,"href":"https:\/\/site.ac-martinique.fr\/cardie\/index.php?rest_route=%2Fwp%2Fv2%2Ftags&post=2565"}],"curies":[{"name":"wp","href":"https:\/\/api.w.org\/{rel}","templated":true}]}}