{"id":2842,"date":"2024-01-19T15:21:53","date_gmt":"2024-01-19T15:21:53","guid":{"rendered":"https:\/\/site.ac-martinique.fr\/cardie\/?p=2842"},"modified":"2024-01-19T15:28:30","modified_gmt":"2024-01-19T15:28:30","slug":"carrefour-des-projets-notre-ecole-faisons-la-ensemble-le-24-01-2024","status":"publish","type":"post","link":"https:\/\/site.ac-martinique.fr\/cardie\/?p=2842","title":{"rendered":"Carrefour des projets &#8220;notre \u00e9cole faisons-la ensemble&#8221; le 24\/01\/2024"},"content":{"rendered":"\n<p>Dans le cadre du Conseil National de la Refondation, R\u00e9seau Canop\u00e9 organise&nbsp;<strong>le mercredi 24 janvier 2024<\/strong>,&nbsp;<strong>de 9h \u00e0 12h<\/strong>, un premier temps fort national de \u201cCarrefour des projets\u201d&nbsp;au sein des Ateliers Canop\u00e9. &nbsp;<\/p>\n\n\n\n<figure class=\"wp-block-image size-large\"><a href=\"https:\/\/site.ac-martinique.fr\/cardie\/wp-content\/uploads\/sites\/8\/2024\/01\/CANOP-invit.jpeg\"><img loading=\"lazy\" decoding=\"async\" width=\"1024\" height=\"576\" src=\"https:\/\/site.ac-martinique.fr\/cardie\/wp-content\/uploads\/sites\/8\/2024\/01\/CANOP-invit-1024x576.jpeg\" alt=\"\" class=\"wp-image-2843\" srcset=\"https:\/\/site.ac-martinique.fr\/cardie\/wp-content\/uploads\/sites\/8\/2024\/01\/CANOP-invit-1024x576.jpeg 1024w, https:\/\/site.ac-martinique.fr\/cardie\/wp-content\/uploads\/sites\/8\/2024\/01\/CANOP-invit-300x169.jpeg 300w, https:\/\/site.ac-martinique.fr\/cardie\/wp-content\/uploads\/sites\/8\/2024\/01\/CANOP-invit-768x432.jpeg 768w, https:\/\/site.ac-martinique.fr\/cardie\/wp-content\/uploads\/sites\/8\/2024\/01\/CANOP-invit-1536x864.jpeg 1536w, https:\/\/site.ac-martinique.fr\/cardie\/wp-content\/uploads\/sites\/8\/2024\/01\/CANOP-invit-150x84.jpeg 150w, https:\/\/site.ac-martinique.fr\/cardie\/wp-content\/uploads\/sites\/8\/2024\/01\/CANOP-invit-250x141.jpeg 250w, https:\/\/site.ac-martinique.fr\/cardie\/wp-content\/uploads\/sites\/8\/2024\/01\/CANOP-invit.jpeg 1920w\" sizes=\"auto, (max-width: 1024px) 100vw, 1024px\" \/><\/a><\/figure>\n\n\n\n<p>Cet \u00e9v\u00e8nement vise \u00e0 favoriser les \u00e9changes et le partage d&#8217;exp\u00e9riences pour les \u00e9quipes impliqu\u00e9es ou d\u00e9sireuses de s&#8217;engager dans la d\u00e9marche &#8220;Notre Ecole faisons-l\u00e0 ensemble&#8221;. &nbsp;<\/p>\n\n\n\n<p>Cette manifestation sera ouverte par une conf\u00e9rence d\u2019inspiration consacr\u00e9e \u00e0&nbsp;<strong>l\u2019am\u00e9lioration continue au c\u0153ur de la d\u00e9marche de projet \u00ab Notre \u00e9cole, faisons-la&nbsp;ensemble&nbsp;\u00bb<\/strong>&nbsp;retransmise&nbsp;en simultan\u00e9 dans l\u2019ensemble des Ateliers participants et anim\u00e9e par Patrice LAISNEY, ma\u00eetre de conf\u00e9rences en sciences de l\u2019\u00e9ducation \u00e0 l\u2019Insp\u00e9&nbsp;d\u2019Aix-Marseille.&nbsp; &nbsp;<\/p>\n\n\n\n<p>Elle se poursuivra par des \u00e9changes de pratiques entre porteurs de projets, enseignants, membres de la communaut\u00e9 \u00e9ducative et formateurs Canop\u00e9. &nbsp;<\/p>\n\n\n\n<p>L&#8217;objectif est de cr\u00e9er une communaut\u00e9 de partage permettant aux porteurs ou futurs porteurs de projets de se rencontrer et d\u2019\u00e9changer avec l&#8217;ensemble des acteurs institutionnels d\u00e9partementaux et acad\u00e9miques. &nbsp;<\/p>\n\n\n\n<p><strong>Lien d\u2019inscription<\/strong>&nbsp;&nbsp;:&nbsp;<a href=\"https:\/\/cano.pe\/35b\">https:\/\/cano.pe\/35b<\/a>&nbsp;<\/p>\n\n\n\n<p><strong>Lieu :<\/strong>\u00a0 Atelier Canop\u00e9 972\u00a0\u2013 salle 100 (b\u00e2timent de l&#8217;INSPE)<\/p>\n\n\n\n<p>Localisation google :&nbsp;<a href=\"https:\/\/maps.app.goo.gl\/cnPuBbPad3rCDGB48\">https:\/\/maps.app.goo.gl\/cnPuBbPad3rCDGB48<\/a>&nbsp;&nbsp;<\/p>\n\n\n\n<p><strong>Contact :<\/strong>&nbsp;<a href=\"mailto:contact.atelier972@reseau-canope.fr\">contact.atelier972@reseau-canope.fr<\/a>&nbsp;\/ 0596 61 45 79<\/p>\n","protected":false},"excerpt":{"rendered":"<p>Dans le cadre du Conseil National de la Refondation, R\u00e9seau Canop\u00e9 organise le mercredi 24 janvier 2024, de 9h \u00e0 12h, un premier temps fort national de \u201cCarrefour des projets\u201d au sein des Ateliers Canop\u00e9.  <a class=\"continue-reading-link\" href=\"https:\/\/site.ac-martinique.fr\/cardie\/?p=2842\"> Continue reading <span class=\"meta-nav\">&rarr; <\/span><\/a><\/p>\n","protected":false},"author":11,"featured_media":2843,"comment_status":"closed","ping_status":"closed","sticky":true,"template":"","format":"standard","meta":{"footnotes":""},"categories":[6,127,119],"tags":[124],"class_list":["post-2842","post","type-post","status-publish","format-standard","has-post-thumbnail","hentry","category-actu","category-cnr","category-lien-avec-la-recherche","tag-cnr"],"_links":{"self":[{"href":"https:\/\/site.ac-martinique.fr\/cardie\/index.php?rest_route=\/wp\/v2\/posts\/2842","targetHints":{"allow":["GET"]}}],"collection":[{"href":"https:\/\/site.ac-martinique.fr\/cardie\/index.php?rest_route=\/wp\/v2\/posts"}],"about":[{"href":"https:\/\/site.ac-martinique.fr\/cardie\/index.php?rest_route=\/wp\/v2\/types\/post"}],"author":[{"embeddable":true,"href":"https:\/\/site.ac-martinique.fr\/cardie\/index.php?rest_route=\/wp\/v2\/users\/11"}],"replies":[{"embeddable":true,"href":"https:\/\/site.ac-martinique.fr\/cardie\/index.php?rest_route=%2Fwp%2Fv2%2Fcomments&post=2842"}],"version-history":[{"count":2,"href":"https:\/\/site.ac-martinique.fr\/cardie\/index.php?rest_route=\/wp\/v2\/posts\/2842\/revisions"}],"predecessor-version":[{"id":2846,"href":"https:\/\/site.ac-martinique.fr\/cardie\/index.php?rest_route=\/wp\/v2\/posts\/2842\/revisions\/2846"}],"wp:featuredmedia":[{"embeddable":true,"href":"https:\/\/site.ac-martinique.fr\/cardie\/index.php?rest_route=\/wp\/v2\/media\/2843"}],"wp:attachment":[{"href":"https:\/\/site.ac-martinique.fr\/cardie\/index.php?rest_route=%2Fwp%2Fv2%2Fmedia&parent=2842"}],"wp:term":[{"taxonomy":"category","embeddable":true,"href":"https:\/\/site.ac-martinique.fr\/cardie\/index.php?rest_route=%2Fwp%2Fv2%2Fcategories&post=2842"},{"taxonomy":"post_tag","embeddable":true,"href":"https:\/\/site.ac-martinique.fr\/cardie\/index.php?rest_route=%2Fwp%2Fv2%2Ftags&post=2842"}],"curies":[{"name":"wp","href":"https:\/\/api.w.org\/{rel}","templated":true}]}}