{"id":2053,"date":"2013-02-22T14:03:11","date_gmt":"2013-02-22T18:03:11","guid":{"rendered":"\/circonscription-fdf1\/?p=2053"},"modified":"2014-09-29T12:45:18","modified_gmt":"2014-09-29T16:45:18","slug":"pont-viard","status":"publish","type":"post","link":"https:\/\/site.ac-martinique.fr\/circonscription-fdf1\/?p=2053","title":{"rendered":"Pont Viard"},"content":{"rendered":"<p><img loading=\"lazy\" decoding=\"async\" class=\"aligncenter size-large wp-image-1345\" src=\"\/circonscription-fdf1\/wp-content\/uploads\/sites\/72\/2013\/01\/PONT-VIARD-1024x768.jpg\" alt=\"\" width=\"640\" height=\"480\" srcset=\"https:\/\/site.ac-martinique.fr\/circonscription-fdf1\/wp-content\/uploads\/sites\/72\/2013\/01\/PONT-VIARD-1024x768.jpg 1024w, https:\/\/site.ac-martinique.fr\/circonscription-fdf1\/wp-content\/uploads\/sites\/72\/2013\/01\/PONT-VIARD-300x225.jpg 300w, https:\/\/site.ac-martinique.fr\/circonscription-fdf1\/wp-content\/uploads\/sites\/72\/2013\/01\/PONT-VIARD.jpg 2048w\" sizes=\"auto, (max-width: 640px) 100vw, 640px\" \/><\/p>\n<p><strong>Ecole maternelle Pont Viard<br \/>\n<\/strong><\/p>\n<p>Adresse : Boulevard Adh\u00e9mar Modock, 97200 Fort-de-France<\/p>\n<p>Tel : 0596 73 04 48<\/p>\n<p>Adresse email : <a href=\"mailto:9720138t@ac-martinique.fr\">ce.9720540e@ac-martinique.fr<\/a><\/p>\n<p>Directrice : Mme PERTRAND Lyne<\/p>\n<p>Nombre de classes : 6<\/p>\n<p>Sp\u00e9cificit\u00e9 : \/<\/p>\n<p>&nbsp;<\/p>\n<hr \/>\n<p>Quelques nouvelles :<\/p>\n<p><a href=\"\/circonscription-fdf1\/wp-content\/uploads\/sites\/72\/2013\/02\/bracelets.jpg\"><img loading=\"lazy\" decoding=\"async\" class=\"aligncenter wp-image-4375 size-full\" src=\"\/circonscription-fdf1\/wp-content\/uploads\/sites\/72\/2013\/02\/bracelets-e1412009065603.jpg\" alt=\"bracelets\" width=\"1836\" height=\"3264\" srcset=\"https:\/\/site.ac-martinique.fr\/circonscription-fdf1\/wp-content\/uploads\/sites\/72\/2013\/02\/bracelets-e1412009065603.jpg 1836w, https:\/\/site.ac-martinique.fr\/circonscription-fdf1\/wp-content\/uploads\/sites\/72\/2013\/02\/bracelets-e1412009065603-168x300.jpg 168w, https:\/\/site.ac-martinique.fr\/circonscription-fdf1\/wp-content\/uploads\/sites\/72\/2013\/02\/bracelets-e1412009065603-576x1024.jpg 576w\" sizes=\"auto, (max-width: 1836px) 100vw, 1836px\" \/><\/a>Voici les petits bracelets tendance r\u00e9alis\u00e9s pour identifier nos \u00e9l\u00e8ves le jour de la rentr\u00e9e&#8230;\u00c9videmment, il leur \u00e9tait interdit de les porter \u00e0 la bouche et le soir, ils ont pu partir avec leur petit cadeau d&rsquo;accueil.<\/p>\n","protected":false},"excerpt":{"rendered":"<p>Ecole maternelle Pont Viard Adresse : Boulevard Adh\u00e9mar Modock, 97200 Fort-de-France Tel : 0596 73 04 48 Adresse email : ce.9720540e@ac-martinique.fr Directrice : Mme PERTRAND Lyne Nombre de classes : 6 Sp\u00e9cificit\u00e9 : \/ &nbsp; Quelques nouvelles : Voici les petits bracelets tendance r\u00e9alis\u00e9s pour identifier nos \u00e9l\u00e8ves le jour de la rentr\u00e9e&#8230;\u00c9videmment, il leur &hellip; <a href=\"https:\/\/site.ac-martinique.fr\/circonscription-fdf1\/?p=2053\" class=\"more-link\">Continuer la lecture de <span class=\"screen-reader-text\">Pont Viard<\/span> <span class=\"meta-nav\">&rarr;<\/span><\/a><\/p>\n","protected":false},"author":181,"featured_media":0,"comment_status":"closed","ping_status":"closed","sticky":false,"template":"","format":"standard","meta":{"footnotes":""},"categories":[150,53],"tags":[199],"class_list":["post-2053","post","type-post","status-publish","format-standard","hentry","category-ecole","category-maternelle","tag-pont-viard"],"_links":{"self":[{"href":"https:\/\/site.ac-martinique.fr\/circonscription-fdf1\/index.php?rest_route=\/wp\/v2\/posts\/2053","targetHints":{"allow":["GET"]}}],"collection":[{"href":"https:\/\/site.ac-martinique.fr\/circonscription-fdf1\/index.php?rest_route=\/wp\/v2\/posts"}],"about":[{"href":"https:\/\/site.ac-martinique.fr\/circonscription-fdf1\/index.php?rest_route=\/wp\/v2\/types\/post"}],"author":[{"embeddable":true,"href":"https:\/\/site.ac-martinique.fr\/circonscription-fdf1\/index.php?rest_route=\/wp\/v2\/users\/181"}],"replies":[{"embeddable":true,"href":"https:\/\/site.ac-martinique.fr\/circonscription-fdf1\/index.php?rest_route=%2Fwp%2Fv2%2Fcomments&post=2053"}],"version-history":[{"count":2,"href":"https:\/\/site.ac-martinique.fr\/circonscription-fdf1\/index.php?rest_route=\/wp\/v2\/posts\/2053\/revisions"}],"predecessor-version":[{"id":4377,"href":"https:\/\/site.ac-martinique.fr\/circonscription-fdf1\/index.php?rest_route=\/wp\/v2\/posts\/2053\/revisions\/4377"}],"wp:attachment":[{"href":"https:\/\/site.ac-martinique.fr\/circonscription-fdf1\/index.php?rest_route=%2Fwp%2Fv2%2Fmedia&parent=2053"}],"wp:term":[{"taxonomy":"category","embeddable":true,"href":"https:\/\/site.ac-martinique.fr\/circonscription-fdf1\/index.php?rest_route=%2Fwp%2Fv2%2Fcategories&post=2053"},{"taxonomy":"post_tag","embeddable":true,"href":"https:\/\/site.ac-martinique.fr\/circonscription-fdf1\/index.php?rest_route=%2Fwp%2Fv2%2Ftags&post=2053"}],"curies":[{"name":"wp","href":"https:\/\/api.w.org\/{rel}","templated":true}]}}