{"id":1005,"date":"2023-09-01T14:07:14","date_gmt":"2023-09-01T18:07:14","guid":{"rendered":"https:\/\/site.ac-martinique.fr\/circonscription-marigot\/?p=1005"},"modified":"2023-09-01T14:07:14","modified_gmt":"2023-09-01T18:07:14","slug":"carnet-de-suivi","status":"publish","type":"post","link":"https:\/\/site.ac-martinique.fr\/circonscription-marigot\/?p=1005","title":{"rendered":"Carnet de suivi"},"content":{"rendered":"\n<p>Ce carnet de suivi a \u00e9t\u00e9 \u00e9labor\u00e9 en collaboration avec les enseignants de maternelle du REP+ Hubert N\u00c9RO et l&rsquo;\u00e9quipe de circonscription du Marigot. Ce travail a b\u00e9n\u00e9fici\u00e9 de l&rsquo;accompagnement de\u00a0 la Commission Maternelle dans la derni\u00e8re phase de sa conception.<\/p>\n\n\n\n<p>C&rsquo;est un outil conforme aux recommandations Eduscol. Chaque \u00e9quipe peut en disposer librement et le modifier si cela est souhait\u00e9. Pour rappel, le carnet de suivi des apprentissages<strong>&nbsp;n&rsquo;est pas un outil d&rsquo;\u00e9valuation exhaustif<\/strong>&nbsp;: ont \u00e9t\u00e9 choisis des r\u00e9ussites propices \u00e0 la&nbsp;<strong>mise en valeur des progr\u00e8s de tous les \u00e9l\u00e8ves.<\/strong><\/p>\n\n\n\n<p>L&rsquo;objectif essentiel du carnet de suivi est la\u00a0<strong>motivation de l&rsquo;\u00e9l\u00e8ve<\/strong>\u00a0pour ses apprentissages et la\u00a0<strong>mise en valeur de ses progr\u00e8s<\/strong>.<\/p>\n\n\n\n<div class=\"wp-block-file\"><a id=\"wp-block-file--media-c8ea9599-9110-45a4-8f98-af5a16949243\" href=\"https:\/\/site.ac-martinique.fr\/circonscription-marigot\/wp-content\/uploads\/sites\/126\/2023\/09\/Carnet-suivi-portrait-version-v6.docx\">Carnet-suivi-modifiable-version-v6<\/a><a href=\"https:\/\/site.ac-martinique.fr\/circonscription-marigot\/wp-content\/uploads\/sites\/126\/2023\/09\/Carnet-suivi-portrait-version-v6.docx\" class=\"wp-block-file__button wp-element-button\" download aria-describedby=\"wp-block-file--media-c8ea9599-9110-45a4-8f98-af5a16949243\">T\u00e9l\u00e9charger<\/a><\/div>\n\n\n\n<div data-wp-interactive=\"core\/file\" class=\"wp-block-file\"><object data-wp-bind--hidden=\"!state.hasPdfPreview\" hidden class=\"wp-block-file__embed\" data=\"https:\/\/site.ac-martinique.fr\/circonscription-marigot\/wp-content\/uploads\/sites\/126\/2023\/09\/CARNET-DE-SUIVI-EXPERIMENTAL-V6.pdf\" type=\"application\/pdf\" style=\"width:100%;height:600px\" aria-label=\"Contenu embarqu\u00e9 CARNET-DE-SUIVI-EXPERIMENTAL-V6.\"><\/object><a id=\"wp-block-file--media-23c906ad-12b2-4e39-839f-e01cd4b12454\" href=\"https:\/\/site.ac-martinique.fr\/circonscription-marigot\/wp-content\/uploads\/sites\/126\/2023\/09\/CARNET-DE-SUIVI-EXPERIMENTAL-V6.pdf\">CARNET-DE-SUIVI-EXPERIMENTAL-V6<\/a><a href=\"https:\/\/site.ac-martinique.fr\/circonscription-marigot\/wp-content\/uploads\/sites\/126\/2023\/09\/CARNET-DE-SUIVI-EXPERIMENTAL-V6.pdf\" class=\"wp-block-file__button wp-element-button\" download aria-describedby=\"wp-block-file--media-23c906ad-12b2-4e39-839f-e01cd4b12454\">T\u00e9l\u00e9charger<\/a><\/div>\n","protected":false},"excerpt":{"rendered":"<p>Ce carnet de suivi a \u00e9t\u00e9 \u00e9labor\u00e9 en collaboration avec les enseignants de maternelle du REP+ Hubert N\u00c9RO et l&rsquo;\u00e9quipe &hellip; <\/p>\n<p class=\"link-more\"><a href=\"https:\/\/site.ac-martinique.fr\/circonscription-marigot\/?p=1005\" class=\"more-link\">Lire la suite&#8230;<span class=\"screen-reader-text\"> \u00ab\u00a0Carnet de suivi\u00a0\u00bb<\/span><\/a><\/p>\n","protected":false},"author":390,"featured_media":1006,"comment_status":"closed","ping_status":"","sticky":false,"template":"","format":"standard","meta":{"episode_type":"","audio_file":"","podmotor_file_id":"","podmotor_episode_id":"","cover_image":"","cover_image_id":"","duration":"","filesize":"","filesize_raw":"","date_recorded":"","explicit":"","block":"","itunes_episode_number":"","itunes_title":"","itunes_season_number":"","itunes_episode_type":"","footnotes":""},"categories":[1],"tags":[],"ppma_author":[29],"class_list":["post-1005","post","type-post","status-publish","format-standard","has-post-thumbnail","hentry","category-circonscription-du-marigot"],"authors":[{"term_id":29,"user_id":390,"is_guest":0,"slug":"palcibiade","display_name":"Precillia ALCIBIADE","avatar_url":"https:\/\/secure.gravatar.com\/avatar\/8f04bc2f240e6ebe06f85330d032458bafec2d55854afb04a327afef19a9fef1?s=96&d=mm&r=g","0":null,"1":"","2":"","3":"","4":"","5":"","6":"","7":"","8":""}],"_links":{"self":[{"href":"https:\/\/site.ac-martinique.fr\/circonscription-marigot\/index.php?rest_route=\/wp\/v2\/posts\/1005","targetHints":{"allow":["GET"]}}],"collection":[{"href":"https:\/\/site.ac-martinique.fr\/circonscription-marigot\/index.php?rest_route=\/wp\/v2\/posts"}],"about":[{"href":"https:\/\/site.ac-martinique.fr\/circonscription-marigot\/index.php?rest_route=\/wp\/v2\/types\/post"}],"author":[{"embeddable":true,"href":"https:\/\/site.ac-martinique.fr\/circonscription-marigot\/index.php?rest_route=\/wp\/v2\/users\/390"}],"replies":[{"embeddable":true,"href":"https:\/\/site.ac-martinique.fr\/circonscription-marigot\/index.php?rest_route=%2Fwp%2Fv2%2Fcomments&post=1005"}],"version-history":[{"count":1,"href":"https:\/\/site.ac-martinique.fr\/circonscription-marigot\/index.php?rest_route=\/wp\/v2\/posts\/1005\/revisions"}],"predecessor-version":[{"id":1007,"href":"https:\/\/site.ac-martinique.fr\/circonscription-marigot\/index.php?rest_route=\/wp\/v2\/posts\/1005\/revisions\/1007"}],"wp:featuredmedia":[{"embeddable":true,"href":"https:\/\/site.ac-martinique.fr\/circonscription-marigot\/index.php?rest_route=\/wp\/v2\/media\/1006"}],"wp:attachment":[{"href":"https:\/\/site.ac-martinique.fr\/circonscription-marigot\/index.php?rest_route=%2Fwp%2Fv2%2Fmedia&parent=1005"}],"wp:term":[{"taxonomy":"category","embeddable":true,"href":"https:\/\/site.ac-martinique.fr\/circonscription-marigot\/index.php?rest_route=%2Fwp%2Fv2%2Fcategories&post=1005"},{"taxonomy":"post_tag","embeddable":true,"href":"https:\/\/site.ac-martinique.fr\/circonscription-marigot\/index.php?rest_route=%2Fwp%2Fv2%2Ftags&post=1005"},{"taxonomy":"author","embeddable":true,"href":"https:\/\/site.ac-martinique.fr\/circonscription-marigot\/index.php?rest_route=%2Fwp%2Fv2%2Fppma_author&post=1005"}],"curies":[{"name":"wp","href":"https:\/\/api.w.org\/{rel}","templated":true}]}}