{"id":1387,"date":"2023-12-08T14:21:57","date_gmt":"2023-12-08T18:21:57","guid":{"rendered":"https:\/\/site.ac-martinique.fr\/circonscription-marigot\/?p=1387"},"modified":"2024-03-12T10:21:32","modified_gmt":"2024-03-12T14:21:32","slug":"le-telethon-a-jerome-mercan","status":"publish","type":"post","link":"https:\/\/site.ac-martinique.fr\/circonscription-marigot\/?p=1387","title":{"rendered":"Le t\u00e9l\u00e9thon \u00e0 J\u00e9r\u00f4me MERCAN"},"content":{"rendered":"\n<p class=\"has-black-color has-text-color has-link-color wp-elements-b79028b1969f15d0d103010b5f67f6f8\">Suite \u00e0 un travail de sensibilisation fait dans toutes les classes, avec les affiches de campagne et de courtes vid\u00e9os, ce mardi 5 d\u00e9cembre 2023, les \u00e9l\u00e8ves de l\u2019\u00e9cole Primaire J\u00e9r\u00f4me MERCAN ont particip\u00e9 \u00e0 une marche solidaire, dans le cadre du T\u00e9l\u00e9thon 2023.&nbsp;<\/p>\n\n\n\n<figure class=\"wp-block-image size-large\"><img fetchpriority=\"high\" decoding=\"async\" width=\"1024\" height=\"768\" src=\"https:\/\/site.ac-martinique.fr\/circonscription-marigot\/wp-content\/uploads\/sites\/126\/2023\/12\/echauffement-telethon-1024x768.jpeg\" alt=\"\" class=\"wp-image-1389\" style=\"object-fit:cover\" srcset=\"https:\/\/site.ac-martinique.fr\/circonscription-marigot\/wp-content\/uploads\/sites\/126\/2023\/12\/echauffement-telethon-1024x768.jpeg 1024w, https:\/\/site.ac-martinique.fr\/circonscription-marigot\/wp-content\/uploads\/sites\/126\/2023\/12\/echauffement-telethon-300x225.jpeg 300w, https:\/\/site.ac-martinique.fr\/circonscription-marigot\/wp-content\/uploads\/sites\/126\/2023\/12\/echauffement-telethon-768x576.jpeg 768w, https:\/\/site.ac-martinique.fr\/circonscription-marigot\/wp-content\/uploads\/sites\/126\/2023\/12\/echauffement-telethon-1536x1152.jpeg 1536w, https:\/\/site.ac-martinique.fr\/circonscription-marigot\/wp-content\/uploads\/sites\/126\/2023\/12\/echauffement-telethon-1320x990.jpeg 1320w, https:\/\/site.ac-martinique.fr\/circonscription-marigot\/wp-content\/uploads\/sites\/126\/2023\/12\/echauffement-telethon.jpeg 1600w\" sizes=\"(max-width: 767px) 89vw, (max-width: 1000px) 54vw, (max-width: 1071px) 543px, 580px\" \/><\/figure>\n\n\n\n<p class=\"has-black-color has-text-color has-link-color wp-elements-4f0cfedaa05dc1fc7ff0471160dfa8c4\">Apr\u00e8s un \u00e9chauffement en musique dans la cour, en compagnie des \u00e9l\u00e8ves d\u2019Henri GU\u00c9DON, les p\u2019tits marcheurs de MERCAN, de la maternelle au CM2 sont partis, avec leurs enseignantes, la directrice et deux agents,\u00a0\u00a0sur un parcours balis\u00e9, et parsem\u00e9 de petits indices \u00e0 trouver, afin de faire de cette action, un moment p\u00e9dagogique adapt\u00e9 \u00e0 tous les niveaux.\u00a0<\/p>\n\n\n\n<figure class=\"wp-block-gallery has-nested-images columns-2 is-cropped wp-block-gallery-1 is-layout-flex wp-block-gallery-is-layout-flex\">\n<figure class=\"wp-block-image size-large\"><img decoding=\"async\" width=\"768\" height=\"1024\" data-id=\"1388\" src=\"https:\/\/site.ac-martinique.fr\/circonscription-marigot\/wp-content\/uploads\/sites\/126\/2023\/12\/marche-telethon-2-768x1024.jpeg\" alt=\"\" class=\"wp-image-1388\" srcset=\"https:\/\/site.ac-martinique.fr\/circonscription-marigot\/wp-content\/uploads\/sites\/126\/2023\/12\/marche-telethon-2-768x1024.jpeg 768w, https:\/\/site.ac-martinique.fr\/circonscription-marigot\/wp-content\/uploads\/sites\/126\/2023\/12\/marche-telethon-2-225x300.jpeg 225w, https:\/\/site.ac-martinique.fr\/circonscription-marigot\/wp-content\/uploads\/sites\/126\/2023\/12\/marche-telethon-2-1152x1536.jpeg 1152w, https:\/\/site.ac-martinique.fr\/circonscription-marigot\/wp-content\/uploads\/sites\/126\/2023\/12\/marche-telethon-2.jpeg 1200w\" sizes=\"(max-width: 767px) 89vw, (max-width: 1000px) 54vw, (max-width: 1071px) 543px, 580px\" \/><\/figure>\n\n\n\n<figure class=\"wp-block-image size-large\"><img decoding=\"async\" width=\"585\" height=\"780\" data-id=\"1393\" src=\"https:\/\/site.ac-martinique.fr\/circonscription-marigot\/wp-content\/uploads\/sites\/126\/2023\/12\/marche-telethon-3-edited.jpeg\" alt=\"\" class=\"wp-image-1393\" srcset=\"https:\/\/site.ac-martinique.fr\/circonscription-marigot\/wp-content\/uploads\/sites\/126\/2023\/12\/marche-telethon-3-edited.jpeg 585w, https:\/\/site.ac-martinique.fr\/circonscription-marigot\/wp-content\/uploads\/sites\/126\/2023\/12\/marche-telethon-3-edited-225x300.jpeg 225w\" sizes=\"(max-width: 585px) 100vw, 585px\" \/><\/figure>\n<\/figure>\n\n\n<div class=\"wp-block-image\">\n<figure class=\"aligncenter size-full is-resized\"><img loading=\"lazy\" decoding=\"async\" width=\"558\" height=\"744\" src=\"https:\/\/site.ac-martinique.fr\/circonscription-marigot\/wp-content\/uploads\/sites\/126\/2023\/12\/marche-telethon-edited.jpeg\" alt=\"\" class=\"wp-image-1392\" style=\"object-fit:cover;width:335px;height:auto\" srcset=\"https:\/\/site.ac-martinique.fr\/circonscription-marigot\/wp-content\/uploads\/sites\/126\/2023\/12\/marche-telethon-edited.jpeg 558w, https:\/\/site.ac-martinique.fr\/circonscription-marigot\/wp-content\/uploads\/sites\/126\/2023\/12\/marche-telethon-edited-225x300.jpeg 225w\" sizes=\"(max-width: 558px) 100vw, 558px\" \/><\/figure>\n<\/div>\n\n\n<p class=\"has-text-align-center has-black-color has-luminous-vivid-amber-background-color has-text-color has-background has-link-color wp-elements-7286e389c4b7674435ed26dc949e136b\" style=\"font-size:16px\"><strong>Un beau moment de solidarit\u00e9 que nos \u00ab&nbsp;<em>p\u2019tits marcheurs&nbsp;\u00bb&nbsp;<\/em>n\u2019oublieront pas !<\/strong><\/p>\n","protected":false},"excerpt":{"rendered":"<p>Suite \u00e0 un travail de sensibilisation fait dans toutes les classes, avec les affiches de campagne et de courtes vid\u00e9os, &hellip; <\/p>\n<p class=\"link-more\"><a href=\"https:\/\/site.ac-martinique.fr\/circonscription-marigot\/?p=1387\" class=\"more-link\">Lire la suite&#8230;<span class=\"screen-reader-text\"> \u00ab\u00a0Le t\u00e9l\u00e9thon \u00e0 J\u00e9r\u00f4me MERCAN\u00a0\u00bb<\/span><\/a><\/p>\n","protected":false},"author":390,"featured_media":1389,"comment_status":"closed","ping_status":"closed","sticky":false,"template":"","format":"standard","meta":{"episode_type":"","audio_file":"","podmotor_file_id":"","podmotor_episode_id":"","cover_image":"","cover_image_id":"","duration":"","filesize":"","filesize_raw":"","date_recorded":"","explicit":"","block":"","itunes_episode_number":"","itunes_title":"","itunes_season_number":"","itunes_episode_type":"","footnotes":""},"categories":[1,23,19],"tags":[],"ppma_author":[29],"class_list":["post-1387","post","type-post","status-publish","format-standard","has-post-thumbnail","hentry","category-circonscription-du-marigot","category-education-physique-et-sportive","category-hep-lagrosilliere"],"authors":[{"term_id":29,"user_id":390,"is_guest":0,"slug":"palcibiade","display_name":"Precillia ALCIBIADE","avatar_url":"https:\/\/secure.gravatar.com\/avatar\/8f04bc2f240e6ebe06f85330d032458bafec2d55854afb04a327afef19a9fef1?s=96&d=mm&r=g","0":null,"1":"","2":"","3":"","4":"","5":"","6":"","7":"","8":""}],"_links":{"self":[{"href":"https:\/\/site.ac-martinique.fr\/circonscription-marigot\/index.php?rest_route=\/wp\/v2\/posts\/1387","targetHints":{"allow":["GET"]}}],"collection":[{"href":"https:\/\/site.ac-martinique.fr\/circonscription-marigot\/index.php?rest_route=\/wp\/v2\/posts"}],"about":[{"href":"https:\/\/site.ac-martinique.fr\/circonscription-marigot\/index.php?rest_route=\/wp\/v2\/types\/post"}],"author":[{"embeddable":true,"href":"https:\/\/site.ac-martinique.fr\/circonscription-marigot\/index.php?rest_route=\/wp\/v2\/users\/390"}],"replies":[{"embeddable":true,"href":"https:\/\/site.ac-martinique.fr\/circonscription-marigot\/index.php?rest_route=%2Fwp%2Fv2%2Fcomments&post=1387"}],"version-history":[{"count":4,"href":"https:\/\/site.ac-martinique.fr\/circonscription-marigot\/index.php?rest_route=\/wp\/v2\/posts\/1387\/revisions"}],"predecessor-version":[{"id":1410,"href":"https:\/\/site.ac-martinique.fr\/circonscription-marigot\/index.php?rest_route=\/wp\/v2\/posts\/1387\/revisions\/1410"}],"wp:featuredmedia":[{"embeddable":true,"href":"https:\/\/site.ac-martinique.fr\/circonscription-marigot\/index.php?rest_route=\/wp\/v2\/media\/1389"}],"wp:attachment":[{"href":"https:\/\/site.ac-martinique.fr\/circonscription-marigot\/index.php?rest_route=%2Fwp%2Fv2%2Fmedia&parent=1387"}],"wp:term":[{"taxonomy":"category","embeddable":true,"href":"https:\/\/site.ac-martinique.fr\/circonscription-marigot\/index.php?rest_route=%2Fwp%2Fv2%2Fcategories&post=1387"},{"taxonomy":"post_tag","embeddable":true,"href":"https:\/\/site.ac-martinique.fr\/circonscription-marigot\/index.php?rest_route=%2Fwp%2Fv2%2Ftags&post=1387"},{"taxonomy":"author","embeddable":true,"href":"https:\/\/site.ac-martinique.fr\/circonscription-marigot\/index.php?rest_route=%2Fwp%2Fv2%2Fppma_author&post=1387"}],"curies":[{"name":"wp","href":"https:\/\/api.w.org\/{rel}","templated":true}]}}