{"id":1840,"date":"2024-10-10T12:52:20","date_gmt":"2024-10-10T16:52:20","guid":{"rendered":"https:\/\/site.ac-martinique.fr\/circonscription-marigot\/?p=1840"},"modified":"2024-10-10T12:52:20","modified_gmt":"2024-10-10T16:52:20","slug":"journee-du-sport-scolaire-a-lecole-maternelle-carabin-un-moment-de-partage-et-de-decouverte","status":"publish","type":"post","link":"https:\/\/site.ac-martinique.fr\/circonscription-marigot\/?p=1840","title":{"rendered":"Journ\u00e9e du Sport Scolaire \u00e0 l&rsquo;\u00c9cole Maternelle Carabin : un moment de partage et de d\u00e9couverte"},"content":{"rendered":"\n<p><strong>Ce vendredi 20 septembre 2024, l&rsquo;\u00c9cole Maternelle Carabin du REP+ Hubert N\u00e9ro a organis\u00e9 une matin\u00e9e du Sport Scolaire.<\/strong><\/p>\n\n\n\n<figure class=\"wp-block-image size-large\"><img fetchpriority=\"high\" decoding=\"async\" width=\"1024\" height=\"768\" src=\"https:\/\/site.ac-martinique.fr\/circonscription-marigot\/wp-content\/uploads\/sites\/126\/2024\/10\/WhatsApp-Image-2024-10-10-at-11.07.28-1024x768.jpeg\" alt=\"\" class=\"wp-image-1842\" srcset=\"https:\/\/site.ac-martinique.fr\/circonscription-marigot\/wp-content\/uploads\/sites\/126\/2024\/10\/WhatsApp-Image-2024-10-10-at-11.07.28-1024x768.jpeg 1024w, https:\/\/site.ac-martinique.fr\/circonscription-marigot\/wp-content\/uploads\/sites\/126\/2024\/10\/WhatsApp-Image-2024-10-10-at-11.07.28-300x225.jpeg 300w, https:\/\/site.ac-martinique.fr\/circonscription-marigot\/wp-content\/uploads\/sites\/126\/2024\/10\/WhatsApp-Image-2024-10-10-at-11.07.28-768x576.jpeg 768w, https:\/\/site.ac-martinique.fr\/circonscription-marigot\/wp-content\/uploads\/sites\/126\/2024\/10\/WhatsApp-Image-2024-10-10-at-11.07.28.jpeg 1280w\" sizes=\"(max-width: 767px) 89vw, (max-width: 1000px) 54vw, (max-width: 1071px) 543px, 580px\" \/><\/figure>\n\n\n\n<p><strong>Un objectif multiple : apprendre tout en s&rsquo;amusant<\/strong><\/p>\n\n\n\n<p>Initi\u00e9e par la directrice de l&rsquo;\u00e9cole, cette matin\u00e9e avait pour but de <strong>valoriser les comp\u00e9tences des \u00e9l\u00e8ves<\/strong>, de <strong>promouvoir le plaisir d&rsquo;apprendre en f\u00e9d\u00e9rant parents et enseignants<\/strong> autour d&rsquo;un projet commun et <strong>promouvoir l&rsquo;importance du sport <\/strong>d\u00e8s le plus jeune \u00e2ge.<\/p>\n\n\n\n<p><strong>Une matin\u00e9e sportive sous le soleil<\/strong><\/p>\n\n\n\n<p>D\u00e8s 9 heures, les 39 \u00e9l\u00e8ves de l&rsquo;\u00e9cole, encadr\u00e9s par leurs enseignants, les personnels d\u2019accompagnement (Atsem, AESH) et des parents b\u00e9n\u00e9voles, ont pu s&rsquo;\u00e9lancer dans divers ateliers sportifs. Parmi les activit\u00e9s propos\u00e9es, on retrouvait un <strong>parcours de motricit\u00e9<\/strong>, le <strong>jeu des cerceaux musicaux<\/strong>, jeux d\u2019adresse, jeux d\u2019eau\u2026<\/p>\n\n\n\n<p><strong>Une \u00e9cole ouverte aux parents et \u00e0 la convivialit\u00e9<\/strong><\/p>\n\n\n\n<p>Cet \u00e9v\u00e9nement fut \u00e9galement l&rsquo;occasion pour l&rsquo;\u00e9cole de s&rsquo;ouvrir aux familles. Les parents pr\u00e9sents ont non seulement encourag\u00e9 les enfants tout au long des activit\u00e9s, mais ont \u00e9galement particip\u00e9 \u00e0 mani\u00e8re de renforcer le lien entre la communaut\u00e9 \u00e9ducative et les familles, en partageant un moment de convivialit\u00e9 et d&rsquo;\u00e9changes.<\/p>\n\n\n\n<figure class=\"wp-block-image size-large\"><img decoding=\"async\" width=\"1024\" height=\"768\" src=\"https:\/\/site.ac-martinique.fr\/circonscription-marigot\/wp-content\/uploads\/sites\/126\/2024\/10\/WhatsApp-Image-2024-10-10-at-11.07.29-1024x768.jpeg\" alt=\"\" class=\"wp-image-1841\" srcset=\"https:\/\/site.ac-martinique.fr\/circonscription-marigot\/wp-content\/uploads\/sites\/126\/2024\/10\/WhatsApp-Image-2024-10-10-at-11.07.29-1024x768.jpeg 1024w, https:\/\/site.ac-martinique.fr\/circonscription-marigot\/wp-content\/uploads\/sites\/126\/2024\/10\/WhatsApp-Image-2024-10-10-at-11.07.29-300x225.jpeg 300w, https:\/\/site.ac-martinique.fr\/circonscription-marigot\/wp-content\/uploads\/sites\/126\/2024\/10\/WhatsApp-Image-2024-10-10-at-11.07.29-768x576.jpeg 768w, https:\/\/site.ac-martinique.fr\/circonscription-marigot\/wp-content\/uploads\/sites\/126\/2024\/10\/WhatsApp-Image-2024-10-10-at-11.07.29.jpeg 1280w\" sizes=\"(max-width: 767px) 89vw, (max-width: 1000px) 54vw, (max-width: 1071px) 543px, 580px\" \/><\/figure>\n\n\n\n<figure class=\"wp-block-image size-full\"><img decoding=\"async\" width=\"852\" height=\"524\" src=\"https:\/\/site.ac-martinique.fr\/circonscription-marigot\/wp-content\/uploads\/sites\/126\/2024\/10\/WhatsApp-Image-2024-10-10-at-11.07.29-4.jpeg\" alt=\"\" class=\"wp-image-1843\" srcset=\"https:\/\/site.ac-martinique.fr\/circonscription-marigot\/wp-content\/uploads\/sites\/126\/2024\/10\/WhatsApp-Image-2024-10-10-at-11.07.29-4.jpeg 852w, https:\/\/site.ac-martinique.fr\/circonscription-marigot\/wp-content\/uploads\/sites\/126\/2024\/10\/WhatsApp-Image-2024-10-10-at-11.07.29-4-300x185.jpeg 300w, https:\/\/site.ac-martinique.fr\/circonscription-marigot\/wp-content\/uploads\/sites\/126\/2024\/10\/WhatsApp-Image-2024-10-10-at-11.07.29-4-768x472.jpeg 768w\" sizes=\"(max-width: 767px) 89vw, (max-width: 1000px) 54vw, (max-width: 1071px) 543px, 580px\" \/><\/figure>\n\n\n\n<figure class=\"wp-block-image size-large\"><img loading=\"lazy\" decoding=\"async\" width=\"768\" height=\"1024\" src=\"https:\/\/site.ac-martinique.fr\/circonscription-marigot\/wp-content\/uploads\/sites\/126\/2024\/10\/WhatsApp-Image-2024-10-10-at-11.07.28-1-768x1024.jpeg\" alt=\"\" class=\"wp-image-1844\" srcset=\"https:\/\/site.ac-martinique.fr\/circonscription-marigot\/wp-content\/uploads\/sites\/126\/2024\/10\/WhatsApp-Image-2024-10-10-at-11.07.28-1-768x1024.jpeg 768w, https:\/\/site.ac-martinique.fr\/circonscription-marigot\/wp-content\/uploads\/sites\/126\/2024\/10\/WhatsApp-Image-2024-10-10-at-11.07.28-1-225x300.jpeg 225w, https:\/\/site.ac-martinique.fr\/circonscription-marigot\/wp-content\/uploads\/sites\/126\/2024\/10\/WhatsApp-Image-2024-10-10-at-11.07.28-1.jpeg 960w\" sizes=\"(max-width: 767px) 89vw, (max-width: 1000px) 54vw, (max-width: 1071px) 543px, 580px\" \/><\/figure>\n","protected":false},"excerpt":{"rendered":"<p>Ce vendredi 20 septembre 2024, l&rsquo;\u00c9cole Maternelle Carabin du REP+ Hubert N\u00e9ro a organis\u00e9 une matin\u00e9e du Sport Scolaire. Un &hellip; <\/p>\n<p class=\"link-more\"><a href=\"https:\/\/site.ac-martinique.fr\/circonscription-marigot\/?p=1840\" class=\"more-link\">Lire la suite&#8230;<span class=\"screen-reader-text\"> \u00ab\u00a0Journ\u00e9e du Sport Scolaire \u00e0 l&rsquo;\u00c9cole Maternelle Carabin : un moment de partage et de d\u00e9couverte\u00a0\u00bb<\/span><\/a><\/p>\n","protected":false},"author":446,"featured_media":1842,"comment_status":"closed","ping_status":"","sticky":false,"template":"","format":"standard","meta":{"episode_type":"","audio_file":"","podmotor_file_id":"","podmotor_episode_id":"","cover_image":"","cover_image_id":"","duration":"","filesize":"","filesize_raw":"","date_recorded":"","explicit":"","block":"","itunes_episode_number":"","itunes_title":"","itunes_season_number":"","itunes_episode_type":"","footnotes":""},"categories":[1],"tags":[],"ppma_author":[28],"class_list":["post-1840","post","type-post","status-publish","format-standard","has-post-thumbnail","hentry","category-circonscription-du-marigot"],"authors":[{"term_id":28,"user_id":446,"is_guest":0,"slug":"jmelguen","display_name":"jmelguen","avatar_url":"https:\/\/secure.gravatar.com\/avatar\/a3cd6777525919d20391a1794cf94d14922fce8b78b7961333d0129ea428dc6e?s=96&d=mm&r=g","0":null,"1":"","2":"","3":"","4":"","5":"","6":"","7":"","8":""}],"_links":{"self":[{"href":"https:\/\/site.ac-martinique.fr\/circonscription-marigot\/index.php?rest_route=\/wp\/v2\/posts\/1840","targetHints":{"allow":["GET"]}}],"collection":[{"href":"https:\/\/site.ac-martinique.fr\/circonscription-marigot\/index.php?rest_route=\/wp\/v2\/posts"}],"about":[{"href":"https:\/\/site.ac-martinique.fr\/circonscription-marigot\/index.php?rest_route=\/wp\/v2\/types\/post"}],"author":[{"embeddable":true,"href":"https:\/\/site.ac-martinique.fr\/circonscription-marigot\/index.php?rest_route=\/wp\/v2\/users\/446"}],"replies":[{"embeddable":true,"href":"https:\/\/site.ac-martinique.fr\/circonscription-marigot\/index.php?rest_route=%2Fwp%2Fv2%2Fcomments&post=1840"}],"version-history":[{"count":1,"href":"https:\/\/site.ac-martinique.fr\/circonscription-marigot\/index.php?rest_route=\/wp\/v2\/posts\/1840\/revisions"}],"predecessor-version":[{"id":1845,"href":"https:\/\/site.ac-martinique.fr\/circonscription-marigot\/index.php?rest_route=\/wp\/v2\/posts\/1840\/revisions\/1845"}],"wp:featuredmedia":[{"embeddable":true,"href":"https:\/\/site.ac-martinique.fr\/circonscription-marigot\/index.php?rest_route=\/wp\/v2\/media\/1842"}],"wp:attachment":[{"href":"https:\/\/site.ac-martinique.fr\/circonscription-marigot\/index.php?rest_route=%2Fwp%2Fv2%2Fmedia&parent=1840"}],"wp:term":[{"taxonomy":"category","embeddable":true,"href":"https:\/\/site.ac-martinique.fr\/circonscription-marigot\/index.php?rest_route=%2Fwp%2Fv2%2Fcategories&post=1840"},{"taxonomy":"post_tag","embeddable":true,"href":"https:\/\/site.ac-martinique.fr\/circonscription-marigot\/index.php?rest_route=%2Fwp%2Fv2%2Ftags&post=1840"},{"taxonomy":"author","embeddable":true,"href":"https:\/\/site.ac-martinique.fr\/circonscription-marigot\/index.php?rest_route=%2Fwp%2Fv2%2Fppma_author&post=1840"}],"curies":[{"name":"wp","href":"https:\/\/api.w.org\/{rel}","templated":true}]}}