{"id":399,"date":"2022-12-01T09:34:57","date_gmt":"2022-12-01T13:34:57","guid":{"rendered":"https:\/\/site.ac-martinique.fr\/circonscription-marigot\/?p=399"},"modified":"2022-12-01T09:34:57","modified_gmt":"2022-12-01T13:34:57","slug":"journe-portes-ouvertes-numavenir","status":"publish","type":"post","link":"https:\/\/site.ac-martinique.fr\/circonscription-marigot\/?p=399","title":{"rendered":"Journ\u00e9 Portes Ouvertes NUM&rsquo;Avenir"},"content":{"rendered":"\n<figure class=\"wp-block-image size-large\"><img fetchpriority=\"high\" decoding=\"async\" width=\"1024\" height=\"1024\" src=\"https:\/\/site.ac-martinique.fr\/circonscription-marigot\/wp-content\/uploads\/sites\/126\/2022\/12\/2ImMCLRavO0IsdDG-1024x1024.jpg\" alt=\"\" class=\"wp-image-400\" srcset=\"https:\/\/site.ac-martinique.fr\/circonscription-marigot\/wp-content\/uploads\/sites\/126\/2022\/12\/2ImMCLRavO0IsdDG-1024x1024.jpg 1024w, https:\/\/site.ac-martinique.fr\/circonscription-marigot\/wp-content\/uploads\/sites\/126\/2022\/12\/2ImMCLRavO0IsdDG-300x300.jpg 300w, https:\/\/site.ac-martinique.fr\/circonscription-marigot\/wp-content\/uploads\/sites\/126\/2022\/12\/2ImMCLRavO0IsdDG-150x150.jpg 150w, https:\/\/site.ac-martinique.fr\/circonscription-marigot\/wp-content\/uploads\/sites\/126\/2022\/12\/2ImMCLRavO0IsdDG-768x768.jpg 768w, https:\/\/site.ac-martinique.fr\/circonscription-marigot\/wp-content\/uploads\/sites\/126\/2022\/12\/2ImMCLRavO0IsdDG-100x100.jpg 100w, https:\/\/site.ac-martinique.fr\/circonscription-marigot\/wp-content\/uploads\/sites\/126\/2022\/12\/2ImMCLRavO0IsdDG.jpg 1080w\" sizes=\"(max-width: 767px) 89vw, (max-width: 1000px) 54vw, (max-width: 1071px) 543px, 580px\" \/><figcaption class=\"wp-element-caption\"><a rel=\"noreferrer noopener\" href=\"https:\/\/dgxy.link\/numavenir1222\" target=\"_blank\">Le programme<\/a><\/figcaption><\/figure>\n\n\n\n<p>A cette occasion, \u00e9l\u00e8ves et \u00e9tudiants pourront d\u00e9couvrir l\u2019<strong>offre locale de formation professionnalisante au num\u00e9rique au travers des diverses voies de certification : <\/strong>initiale, professionnelle, apprentissage, VAE et les titres professionnels du domaine.<\/p>\n\n\n\n<p>Cette journ\u00e9e s&rsquo;adresse principalement aux<strong>&nbsp;jeunes de 16 \u00e0 25 ans<\/strong>&nbsp;afin de leur apporter toutes les informations dans le domaine et les sensibiliser aux formations locales du secteur du num\u00e9rique.&nbsp;&nbsp;<\/p>\n\n\n\n<p>A cette occasion, des conf\u00e9rences et ateliers seront&nbsp; propos\u00e9es par des professionnels du num\u00e9rique en Martinique (Orange, SFR Cara\u00efbe, CFA num\u00e9rique, Parralel 14, Park num\u00e9rique, French Tech Martinique, CNAM, IMFPA&#8230;).<\/p>\n\n\n\n<p>Il est attendu que des d\u00e9placements en car puissent \u00eatre propos\u00e9s par les \u00e9tablissements scolaires aux \u00e9l\u00e8ves qui pourraient \u00eatre int\u00e9ress\u00e9s&nbsp;(annoncez dans ce cas votre participation et le nombre d&rsquo;\u00e9l\u00e8ves au r\u00e9f\u00e9rent de la manifestation : 06 96 20 39 38)&nbsp;et qu&rsquo;une incitation soit r\u00e9alis\u00e9e pour des visites individuelles des \u00e9l\u00e8ves et des familles.&nbsp;<\/p>\n\n\n\n<p><strong>L\u2019entr\u00e9e est libre, gratuite et soumise \u00e0 pr\u00e9sentation du passe sanitaire.<\/strong> Un barnum de d\u00e9pistage sera \u00e0 disposition en marge de l\u2019\u00e9v\u00e8nement. L&rsquo;\u00e9v\u00e9nement pourra accueillir des groupes (parking cars \u00e0 disposition).<\/p>\n","protected":false},"excerpt":{"rendered":"<p>A cette occasion, \u00e9l\u00e8ves et \u00e9tudiants pourront d\u00e9couvrir l\u2019offre locale de formation professionnalisante au num\u00e9rique au travers des diverses voies &hellip; <\/p>\n<p class=\"link-more\"><a href=\"https:\/\/site.ac-martinique.fr\/circonscription-marigot\/?p=399\" class=\"more-link\">Lire la suite&#8230;<span class=\"screen-reader-text\"> \u00ab\u00a0Journ\u00e9 Portes Ouvertes NUM&rsquo;Avenir\u00a0\u00bb<\/span><\/a><\/p>\n","protected":false},"author":390,"featured_media":402,"comment_status":"closed","ping_status":"","sticky":false,"template":"","format":"standard","meta":{"episode_type":"","audio_file":"","podmotor_file_id":"","podmotor_episode_id":"","cover_image":"","cover_image_id":"","duration":"","filesize":"","filesize_raw":"","date_recorded":"","explicit":"","block":"","itunes_episode_number":"","itunes_title":"","itunes_season_number":"","itunes_episode_type":"","footnotes":""},"categories":[1],"tags":[],"ppma_author":[29],"class_list":["post-399","post","type-post","status-publish","format-standard","has-post-thumbnail","hentry","category-circonscription-du-marigot"],"authors":[{"term_id":29,"user_id":390,"is_guest":0,"slug":"palcibiade","display_name":"Precillia ALCIBIADE","avatar_url":"https:\/\/secure.gravatar.com\/avatar\/8f04bc2f240e6ebe06f85330d032458bafec2d55854afb04a327afef19a9fef1?s=96&d=mm&r=g","0":null,"1":"","2":"","3":"","4":"","5":"","6":"","7":"","8":""}],"_links":{"self":[{"href":"https:\/\/site.ac-martinique.fr\/circonscription-marigot\/index.php?rest_route=\/wp\/v2\/posts\/399","targetHints":{"allow":["GET"]}}],"collection":[{"href":"https:\/\/site.ac-martinique.fr\/circonscription-marigot\/index.php?rest_route=\/wp\/v2\/posts"}],"about":[{"href":"https:\/\/site.ac-martinique.fr\/circonscription-marigot\/index.php?rest_route=\/wp\/v2\/types\/post"}],"author":[{"embeddable":true,"href":"https:\/\/site.ac-martinique.fr\/circonscription-marigot\/index.php?rest_route=\/wp\/v2\/users\/390"}],"replies":[{"embeddable":true,"href":"https:\/\/site.ac-martinique.fr\/circonscription-marigot\/index.php?rest_route=%2Fwp%2Fv2%2Fcomments&post=399"}],"version-history":[{"count":2,"href":"https:\/\/site.ac-martinique.fr\/circonscription-marigot\/index.php?rest_route=\/wp\/v2\/posts\/399\/revisions"}],"predecessor-version":[{"id":403,"href":"https:\/\/site.ac-martinique.fr\/circonscription-marigot\/index.php?rest_route=\/wp\/v2\/posts\/399\/revisions\/403"}],"wp:featuredmedia":[{"embeddable":true,"href":"https:\/\/site.ac-martinique.fr\/circonscription-marigot\/index.php?rest_route=\/wp\/v2\/media\/402"}],"wp:attachment":[{"href":"https:\/\/site.ac-martinique.fr\/circonscription-marigot\/index.php?rest_route=%2Fwp%2Fv2%2Fmedia&parent=399"}],"wp:term":[{"taxonomy":"category","embeddable":true,"href":"https:\/\/site.ac-martinique.fr\/circonscription-marigot\/index.php?rest_route=%2Fwp%2Fv2%2Fcategories&post=399"},{"taxonomy":"post_tag","embeddable":true,"href":"https:\/\/site.ac-martinique.fr\/circonscription-marigot\/index.php?rest_route=%2Fwp%2Fv2%2Ftags&post=399"},{"taxonomy":"author","embeddable":true,"href":"https:\/\/site.ac-martinique.fr\/circonscription-marigot\/index.php?rest_route=%2Fwp%2Fv2%2Fppma_author&post=399"}],"curies":[{"name":"wp","href":"https:\/\/api.w.org\/{rel}","templated":true}]}}