{"id":415,"date":"2022-12-01T13:00:14","date_gmt":"2022-12-01T17:00:14","guid":{"rendered":"https:\/\/site.ac-martinique.fr\/circonscription-marigot\/?p=415"},"modified":"2022-12-16T07:47:21","modified_gmt":"2022-12-16T11:47:21","slug":"10-novembre-journee-national-de-lutte-conte-le-harcelement","status":"publish","type":"post","link":"https:\/\/site.ac-martinique.fr\/circonscription-marigot\/?p=415","title":{"rendered":"10 novembre, journ\u00e9e nationale de lutte conte le harc\u00e8lement"},"content":{"rendered":"\n<p class=\"has-text-align-center has-black-color has-text-color has-medium-font-size\">Un court m\u00e9trage a \u00e9t\u00e9 r\u00e9alis\u00e9 dans le cadre de cette journ\u00e9e par les \u00e9l\u00e9ves et les enseignantes de <strong>l&rsquo;\u00e9cole de Berteau MARIE-ROSE<\/strong><\/p>\n\n\n\n<figure class=\"wp-block-embed is-type-wp-embed is-provider-peertube wp-block-embed-peertube\"><div class=\"wp-block-embed__wrapper\">\n<iframe class=\"wp-embedded-content\" sandbox=\"allow-scripts\" security=\"restricted\" title=\"10 novembre \u00e0 bmr\" width=\"500\" height=\"315\" src=\"https:\/\/tube-numerique-educatif.apps.education.fr\/videos\/embed\/a8b44f2d-890e-454d-8d19-69633fe57a56#?secret=JP8DJoB7N3\" data-secret=\"JP8DJoB7N3\" frameborder=\"0\"><\/iframe>\n<\/div><\/figure>\n","protected":false},"excerpt":{"rendered":"<p>Un court m\u00e9trage a \u00e9t\u00e9 r\u00e9alis\u00e9 dans le cadre de cette journ\u00e9e par les \u00e9l\u00e9ves et les enseignantes de l&rsquo;\u00e9cole &hellip; <\/p>\n<p class=\"link-more\"><a href=\"https:\/\/site.ac-martinique.fr\/circonscription-marigot\/?p=415\" class=\"more-link\">Lire la suite&#8230;<span class=\"screen-reader-text\"> \u00ab\u00a010 novembre, journ\u00e9e nationale de lutte conte le harc\u00e8lement\u00a0\u00bb<\/span><\/a><\/p>\n","protected":false},"author":390,"featured_media":419,"comment_status":"closed","ping_status":"","sticky":false,"template":"","format":"standard","meta":{"episode_type":"","audio_file":"","podmotor_file_id":"","podmotor_episode_id":"","cover_image":"","cover_image_id":"","duration":"","filesize":"","filesize_raw":"","date_recorded":"","explicit":"","block":"","itunes_episode_number":"","itunes_title":"","itunes_season_number":"","itunes_episode_type":"","footnotes":""},"categories":[1,16],"tags":[],"ppma_author":[29],"class_list":["post-415","post","type-post","status-publish","format-standard","has-post-thumbnail","hentry","category-circonscription-du-marigot","category-rep-nero"],"authors":[{"term_id":29,"user_id":390,"is_guest":0,"slug":"palcibiade","display_name":"Precillia ALCIBIADE","avatar_url":"https:\/\/secure.gravatar.com\/avatar\/8f04bc2f240e6ebe06f85330d032458bafec2d55854afb04a327afef19a9fef1?s=96&d=mm&r=g","0":null,"1":"","2":"","3":"","4":"","5":"","6":"","7":"","8":""}],"_links":{"self":[{"href":"https:\/\/site.ac-martinique.fr\/circonscription-marigot\/index.php?rest_route=\/wp\/v2\/posts\/415","targetHints":{"allow":["GET"]}}],"collection":[{"href":"https:\/\/site.ac-martinique.fr\/circonscription-marigot\/index.php?rest_route=\/wp\/v2\/posts"}],"about":[{"href":"https:\/\/site.ac-martinique.fr\/circonscription-marigot\/index.php?rest_route=\/wp\/v2\/types\/post"}],"author":[{"embeddable":true,"href":"https:\/\/site.ac-martinique.fr\/circonscription-marigot\/index.php?rest_route=\/wp\/v2\/users\/390"}],"replies":[{"embeddable":true,"href":"https:\/\/site.ac-martinique.fr\/circonscription-marigot\/index.php?rest_route=%2Fwp%2Fv2%2Fcomments&post=415"}],"version-history":[{"count":4,"href":"https:\/\/site.ac-martinique.fr\/circonscription-marigot\/index.php?rest_route=\/wp\/v2\/posts\/415\/revisions"}],"predecessor-version":[{"id":455,"href":"https:\/\/site.ac-martinique.fr\/circonscription-marigot\/index.php?rest_route=\/wp\/v2\/posts\/415\/revisions\/455"}],"wp:featuredmedia":[{"embeddable":true,"href":"https:\/\/site.ac-martinique.fr\/circonscription-marigot\/index.php?rest_route=\/wp\/v2\/media\/419"}],"wp:attachment":[{"href":"https:\/\/site.ac-martinique.fr\/circonscription-marigot\/index.php?rest_route=%2Fwp%2Fv2%2Fmedia&parent=415"}],"wp:term":[{"taxonomy":"category","embeddable":true,"href":"https:\/\/site.ac-martinique.fr\/circonscription-marigot\/index.php?rest_route=%2Fwp%2Fv2%2Fcategories&post=415"},{"taxonomy":"post_tag","embeddable":true,"href":"https:\/\/site.ac-martinique.fr\/circonscription-marigot\/index.php?rest_route=%2Fwp%2Fv2%2Ftags&post=415"},{"taxonomy":"author","embeddable":true,"href":"https:\/\/site.ac-martinique.fr\/circonscription-marigot\/index.php?rest_route=%2Fwp%2Fv2%2Fppma_author&post=415"}],"curies":[{"name":"wp","href":"https:\/\/api.w.org\/{rel}","templated":true}]}}