{"id":441,"date":"2023-10-16T19:24:17","date_gmt":"2023-10-16T23:24:17","guid":{"rendered":"https:\/\/site.ac-martinique.fr\/circonscription-marin\/?p=441"},"modified":"2023-10-16T19:24:17","modified_gmt":"2023-10-16T23:24:17","slug":"erasmus-days","status":"publish","type":"post","link":"https:\/\/site.ac-martinique.fr\/circonscription-marin\/?p=441","title":{"rendered":"ERASMUS DAYS"},"content":{"rendered":"\n<figure class=\"wp-block-gallery has-nested-images columns-default is-cropped wp-block-gallery-1 is-layout-flex wp-block-gallery-is-layout-flex\">\n<figure class=\"wp-block-image size-large\"><img loading=\"lazy\" decoding=\"async\" width=\"1024\" height=\"461\" data-id=\"442\" src=\"https:\/\/site.ac-martinique.fr\/circonscription-marin\/wp-content\/uploads\/sites\/134\/2023\/10\/F8RuQOdXsAAUzJ2-1024x461.jpeg\" alt=\"\" class=\"wp-image-442\" srcset=\"https:\/\/site.ac-martinique.fr\/circonscription-marin\/wp-content\/uploads\/sites\/134\/2023\/10\/F8RuQOdXsAAUzJ2-1024x461.jpeg 1024w, https:\/\/site.ac-martinique.fr\/circonscription-marin\/wp-content\/uploads\/sites\/134\/2023\/10\/F8RuQOdXsAAUzJ2-300x135.jpeg 300w, https:\/\/site.ac-martinique.fr\/circonscription-marin\/wp-content\/uploads\/sites\/134\/2023\/10\/F8RuQOdXsAAUzJ2-768x346.jpeg 768w, https:\/\/site.ac-martinique.fr\/circonscription-marin\/wp-content\/uploads\/sites\/134\/2023\/10\/F8RuQOdXsAAUzJ2-1536x691.jpeg 1536w, https:\/\/site.ac-martinique.fr\/circonscription-marin\/wp-content\/uploads\/sites\/134\/2023\/10\/F8RuQOdXsAAUzJ2.jpeg 1600w\" sizes=\"auto, (max-width: 1024px) 100vw, 1024px\" \/><\/figure>\n<\/figure>\n\n\n\n<p>Programme de Mobilit\u00e9s europ\u00e9ennes \u00ab\u00a0Erasmus+\u00a0\u00bbavec Mme No\u00e9mie Barat, ing\u00e9nieure du d\u00e9partement Promotion de l&rsquo;Agence \u00ab\u00a0Erasmus+\u00a0\u00bb de Bordeaux en charge du secteur scolaire. Notre r\u00e9f\u00e9rent LVE, Jean-Yves CHAULET, \u00e9tait pr\u00e9sent. Des grands projets \u00e0 renouveler et d\u2019autres \u00e0 mettre en place pour notre circonscription.<\/p>\n\n\n\n<figure class=\"wp-block-image is-resized\"><img decoding=\"async\" src=\"https:\/\/abs-0.twimg.com\/emoji\/v2\/svg\/1f1ea-1f1fa.svg\" alt=\"\ud83c\uddea\ud83c\uddfa\" style=\"aspect-ratio:1;width:28px;height:auto\"\/><\/figure>\n","protected":false},"excerpt":{"rendered":"<p>Programme de Mobilit\u00e9s europ\u00e9ennes \u00ab\u00a0Erasmus+\u00a0\u00bbavec Mme No\u00e9mie Barat, ing\u00e9nieure du d\u00e9partement Promotion de l&rsquo;Agence \u00ab\u00a0Erasmus+\u00a0\u00bb de Bordeaux en charge du secteur scolaire. Notre r\u00e9f\u00e9rent LVE, Jean-Yves CHAULET, \u00e9tait pr\u00e9sent. Des grands projets \u00e0 renouveler et d\u2019autres \u00e0 mettre en place pour notre circonscription.<\/p>\n","protected":false},"author":444,"featured_media":0,"comment_status":"closed","ping_status":"closed","sticky":false,"template":"","format":"standard","meta":{"footnotes":""},"categories":[3],"tags":[],"class_list":["post-441","post","type-post","status-publish","format-standard","hentry","category-anglais"],"_links":{"self":[{"href":"https:\/\/site.ac-martinique.fr\/circonscription-marin\/index.php?rest_route=\/wp\/v2\/posts\/441","targetHints":{"allow":["GET"]}}],"collection":[{"href":"https:\/\/site.ac-martinique.fr\/circonscription-marin\/index.php?rest_route=\/wp\/v2\/posts"}],"about":[{"href":"https:\/\/site.ac-martinique.fr\/circonscription-marin\/index.php?rest_route=\/wp\/v2\/types\/post"}],"author":[{"embeddable":true,"href":"https:\/\/site.ac-martinique.fr\/circonscription-marin\/index.php?rest_route=\/wp\/v2\/users\/444"}],"replies":[{"embeddable":true,"href":"https:\/\/site.ac-martinique.fr\/circonscription-marin\/index.php?rest_route=%2Fwp%2Fv2%2Fcomments&post=441"}],"version-history":[{"count":1,"href":"https:\/\/site.ac-martinique.fr\/circonscription-marin\/index.php?rest_route=\/wp\/v2\/posts\/441\/revisions"}],"predecessor-version":[{"id":443,"href":"https:\/\/site.ac-martinique.fr\/circonscription-marin\/index.php?rest_route=\/wp\/v2\/posts\/441\/revisions\/443"}],"wp:attachment":[{"href":"https:\/\/site.ac-martinique.fr\/circonscription-marin\/index.php?rest_route=%2Fwp%2Fv2%2Fmedia&parent=441"}],"wp:term":[{"taxonomy":"category","embeddable":true,"href":"https:\/\/site.ac-martinique.fr\/circonscription-marin\/index.php?rest_route=%2Fwp%2Fv2%2Fcategories&post=441"},{"taxonomy":"post_tag","embeddable":true,"href":"https:\/\/site.ac-martinique.fr\/circonscription-marin\/index.php?rest_route=%2Fwp%2Fv2%2Ftags&post=441"}],"curies":[{"name":"wp","href":"https:\/\/api.w.org\/{rel}","templated":true}]}}