{"id":491,"date":"2023-11-13T15:28:27","date_gmt":"2023-11-13T19:28:27","guid":{"rendered":"https:\/\/site.ac-martinique.fr\/circonscription-marin\/?p=491"},"modified":"2023-11-13T15:29:31","modified_gmt":"2023-11-13T19:29:31","slug":"label-aire-marine-educative-pour-cabrisseau","status":"publish","type":"post","link":"https:\/\/site.ac-martinique.fr\/circonscription-marin\/?p=491","title":{"rendered":"Label Aire Marine \u00e9ducative pour Cabrisseau"},"content":{"rendered":"\n<p>Les classes de CM1C et CM2A de l&rsquo;\u00e9cole Cabrisseau et la 6\u00e8me A du coll\u00e8ge de Sainte-Luce ont particip\u00e9 au projet \u00ab\u00a0Aire Marine \u00e9ducative\u00a0\u00bb:Rev\u00e9g\u00e9talisation de la plage. Au programme:lutte contre l&rsquo;\u00e9rosion, protection des tortues, r\u00e9alisation de trous, plantation, arrosage, paillage<\/p>\n\n\n\n<figure class=\"wp-block-image size-large\"><img loading=\"lazy\" decoding=\"async\" width=\"1024\" height=\"768\" src=\"https:\/\/site.ac-martinique.fr\/circonscription-marin\/wp-content\/uploads\/sites\/134\/2023\/11\/ame1-1024x768.jpeg\" alt=\"\" class=\"wp-image-495\" srcset=\"https:\/\/site.ac-martinique.fr\/circonscription-marin\/wp-content\/uploads\/sites\/134\/2023\/11\/ame1-1024x768.jpeg 1024w, https:\/\/site.ac-martinique.fr\/circonscription-marin\/wp-content\/uploads\/sites\/134\/2023\/11\/ame1-300x225.jpeg 300w, https:\/\/site.ac-martinique.fr\/circonscription-marin\/wp-content\/uploads\/sites\/134\/2023\/11\/ame1-768x576.jpeg 768w, https:\/\/site.ac-martinique.fr\/circonscription-marin\/wp-content\/uploads\/sites\/134\/2023\/11\/ame1-1536x1152.jpeg 1536w, https:\/\/site.ac-martinique.fr\/circonscription-marin\/wp-content\/uploads\/sites\/134\/2023\/11\/ame1-2048x1536.jpeg 2048w, https:\/\/site.ac-martinique.fr\/circonscription-marin\/wp-content\/uploads\/sites\/134\/2023\/11\/ame1-2000x1500.jpeg 2000w\" sizes=\"auto, (max-width: 1024px) 100vw, 1024px\" \/><\/figure>\n\n\n\n<figure class=\"wp-block-image size-large\"><img loading=\"lazy\" decoding=\"async\" width=\"722\" height=\"1024\" src=\"https:\/\/site.ac-martinique.fr\/circonscription-marin\/wp-content\/uploads\/sites\/134\/2023\/11\/AME-2-722x1024.jpeg\" alt=\"\" class=\"wp-image-494\" srcset=\"https:\/\/site.ac-martinique.fr\/circonscription-marin\/wp-content\/uploads\/sites\/134\/2023\/11\/AME-2-722x1024.jpeg 722w, https:\/\/site.ac-martinique.fr\/circonscription-marin\/wp-content\/uploads\/sites\/134\/2023\/11\/AME-2-211x300.jpeg 211w, https:\/\/site.ac-martinique.fr\/circonscription-marin\/wp-content\/uploads\/sites\/134\/2023\/11\/AME-2-768x1089.jpeg 768w, https:\/\/site.ac-martinique.fr\/circonscription-marin\/wp-content\/uploads\/sites\/134\/2023\/11\/AME-2.jpeg 1080w\" sizes=\"auto, (max-width: 722px) 100vw, 722px\" \/><\/figure>\n","protected":false},"excerpt":{"rendered":"<p>Les classes de CM1C et CM2A de l&rsquo;\u00e9cole Cabrisseau et la 6\u00e8me A du coll\u00e8ge de Sainte-Luce ont particip\u00e9 au projet \u00ab\u00a0Aire Marine \u00e9ducative\u00a0\u00bb:Rev\u00e9g\u00e9talisation de la plage. Au programme:lutte contre l&rsquo;\u00e9rosion, protection des tortues, r\u00e9alisation de trous, plantation, arrosage, paillage<\/p>\n","protected":false},"author":444,"featured_media":0,"comment_status":"closed","ping_status":"closed","sticky":false,"template":"","format":"standard","meta":{"footnotes":""},"categories":[1],"tags":[],"class_list":["post-491","post","type-post","status-publish","format-standard","hentry","category-non-classe"],"_links":{"self":[{"href":"https:\/\/site.ac-martinique.fr\/circonscription-marin\/index.php?rest_route=\/wp\/v2\/posts\/491","targetHints":{"allow":["GET"]}}],"collection":[{"href":"https:\/\/site.ac-martinique.fr\/circonscription-marin\/index.php?rest_route=\/wp\/v2\/posts"}],"about":[{"href":"https:\/\/site.ac-martinique.fr\/circonscription-marin\/index.php?rest_route=\/wp\/v2\/types\/post"}],"author":[{"embeddable":true,"href":"https:\/\/site.ac-martinique.fr\/circonscription-marin\/index.php?rest_route=\/wp\/v2\/users\/444"}],"replies":[{"embeddable":true,"href":"https:\/\/site.ac-martinique.fr\/circonscription-marin\/index.php?rest_route=%2Fwp%2Fv2%2Fcomments&post=491"}],"version-history":[{"count":2,"href":"https:\/\/site.ac-martinique.fr\/circonscription-marin\/index.php?rest_route=\/wp\/v2\/posts\/491\/revisions"}],"predecessor-version":[{"id":498,"href":"https:\/\/site.ac-martinique.fr\/circonscription-marin\/index.php?rest_route=\/wp\/v2\/posts\/491\/revisions\/498"}],"wp:attachment":[{"href":"https:\/\/site.ac-martinique.fr\/circonscription-marin\/index.php?rest_route=%2Fwp%2Fv2%2Fmedia&parent=491"}],"wp:term":[{"taxonomy":"category","embeddable":true,"href":"https:\/\/site.ac-martinique.fr\/circonscription-marin\/index.php?rest_route=%2Fwp%2Fv2%2Fcategories&post=491"},{"taxonomy":"post_tag","embeddable":true,"href":"https:\/\/site.ac-martinique.fr\/circonscription-marin\/index.php?rest_route=%2Fwp%2Fv2%2Ftags&post=491"}],"curies":[{"name":"wp","href":"https:\/\/api.w.org\/{rel}","templated":true}]}}