{"id":826,"date":"2024-05-16T10:53:13","date_gmt":"2024-05-16T14:53:13","guid":{"rendered":"https:\/\/site.ac-martinique.fr\/circonscription-marin\/?p=826"},"modified":"2024-05-16T10:53:14","modified_gmt":"2024-05-16T14:53:14","slug":"judo-a-jules-lucrece","status":"publish","type":"post","link":"https:\/\/site.ac-martinique.fr\/circonscription-marin\/?p=826","title":{"rendered":"Judo \u00e0 Jules lucr\u00e8ce"},"content":{"rendered":"\n<p>Les \u00e9l\u00e8ves de l\u2019\u00e9cole Jules Lucr\u00e8ce de Rivi\u00e8re Pilote ont pu b\u00e9n\u00e9ficier d\u2019une initiation au judo. Merci au professeur pour ce cours qui a plu aux enfants.<\/p>\n\n\n\n<figure class=\"wp-block-image size-large\"><img loading=\"lazy\" decoding=\"async\" width=\"768\" height=\"1024\" src=\"https:\/\/site.ac-martinique.fr\/circonscription-marin\/wp-content\/uploads\/sites\/134\/2024\/05\/GJSNkDRXwAA2uUr-768x1024.jpeg\" alt=\"\" class=\"wp-image-827\" srcset=\"https:\/\/site.ac-martinique.fr\/circonscription-marin\/wp-content\/uploads\/sites\/134\/2024\/05\/GJSNkDRXwAA2uUr-768x1024.jpeg 768w, https:\/\/site.ac-martinique.fr\/circonscription-marin\/wp-content\/uploads\/sites\/134\/2024\/05\/GJSNkDRXwAA2uUr-225x300.jpeg 225w, https:\/\/site.ac-martinique.fr\/circonscription-marin\/wp-content\/uploads\/sites\/134\/2024\/05\/GJSNkDRXwAA2uUr.jpeg 960w\" sizes=\"auto, (max-width: 768px) 100vw, 768px\" \/><\/figure>\n","protected":false},"excerpt":{"rendered":"<p>Les \u00e9l\u00e8ves de l\u2019\u00e9cole Jules Lucr\u00e8ce de Rivi\u00e8re Pilote ont pu b\u00e9n\u00e9ficier d\u2019une initiation au judo. Merci au professeur pour ce cours qui a plu aux enfants.<\/p>\n","protected":false},"author":444,"featured_media":0,"comment_status":"closed","ping_status":"closed","sticky":false,"template":"","format":"standard","meta":{"footnotes":""},"categories":[1],"tags":[],"class_list":["post-826","post","type-post","status-publish","format-standard","hentry","category-non-classe"],"_links":{"self":[{"href":"https:\/\/site.ac-martinique.fr\/circonscription-marin\/index.php?rest_route=\/wp\/v2\/posts\/826","targetHints":{"allow":["GET"]}}],"collection":[{"href":"https:\/\/site.ac-martinique.fr\/circonscription-marin\/index.php?rest_route=\/wp\/v2\/posts"}],"about":[{"href":"https:\/\/site.ac-martinique.fr\/circonscription-marin\/index.php?rest_route=\/wp\/v2\/types\/post"}],"author":[{"embeddable":true,"href":"https:\/\/site.ac-martinique.fr\/circonscription-marin\/index.php?rest_route=\/wp\/v2\/users\/444"}],"replies":[{"embeddable":true,"href":"https:\/\/site.ac-martinique.fr\/circonscription-marin\/index.php?rest_route=%2Fwp%2Fv2%2Fcomments&post=826"}],"version-history":[{"count":1,"href":"https:\/\/site.ac-martinique.fr\/circonscription-marin\/index.php?rest_route=\/wp\/v2\/posts\/826\/revisions"}],"predecessor-version":[{"id":828,"href":"https:\/\/site.ac-martinique.fr\/circonscription-marin\/index.php?rest_route=\/wp\/v2\/posts\/826\/revisions\/828"}],"wp:attachment":[{"href":"https:\/\/site.ac-martinique.fr\/circonscription-marin\/index.php?rest_route=%2Fwp%2Fv2%2Fmedia&parent=826"}],"wp:term":[{"taxonomy":"category","embeddable":true,"href":"https:\/\/site.ac-martinique.fr\/circonscription-marin\/index.php?rest_route=%2Fwp%2Fv2%2Fcategories&post=826"},{"taxonomy":"post_tag","embeddable":true,"href":"https:\/\/site.ac-martinique.fr\/circonscription-marin\/index.php?rest_route=%2Fwp%2Fv2%2Ftags&post=826"}],"curies":[{"name":"wp","href":"https:\/\/api.w.org\/{rel}","templated":true}]}}