{"id":173,"date":"2025-07-01T11:49:09","date_gmt":"2025-07-01T15:49:09","guid":{"rendered":"https:\/\/site.ac-martinique.fr\/circonscription-stjoseph\/?p=173"},"modified":"2025-07-01T11:49:10","modified_gmt":"2025-07-01T15:49:10","slug":"erasmus-une-opportunite-de-mobilite-et-de-formation-pour-les-enseignants","status":"publish","type":"post","link":"https:\/\/site.ac-martinique.fr\/circonscription-stjoseph\/?p=173","title":{"rendered":"Erasmus+ : une opportunit\u00e9 de mobilit\u00e9 et de formation pour les enseignants"},"content":{"rendered":"\n<p>Dans l\u2019acad\u00e9mie de la Martinique, le programme&nbsp;<strong>Erasmus+<\/strong>&nbsp;permet \u00e0 de nombreux enseignants du premier degr\u00e9 de b\u00e9n\u00e9ficier d\u2019<strong>ouvertures professionnelles enrichissantes en Europe<\/strong>.<\/p>\n\n\n\n<p>Ce programme europ\u00e9en favorise :<\/p>\n\n\n\n<ul class=\"wp-block-list\">\n<li>la\u00a0<strong>formation continue \u00e0 l\u2019\u00e9tranger<\/strong>,<\/li>\n\n\n\n<li>les\u00a0<strong>\u00e9changes de pratiques p\u00e9dagogiques<\/strong>,<\/li>\n\n\n\n<li>et la participation \u00e0 des\u00a0<strong>projets collaboratifs<\/strong>\u00a0avec d\u2019autres \u00e9tablissements europ\u00e9ens.<\/li>\n<\/ul>\n\n\n\n<hr class=\"wp-block-separator has-alpha-channel-opacity\"\/>\n\n\n\n<h2 class=\"wp-block-heading\">\ud83c\udfaf Objectifs pour les enseignants<\/h2>\n\n\n\n<ul class=\"wp-block-list\">\n<li>Observer des\u00a0<strong>pratiques innovantes en classe<\/strong><\/li>\n\n\n\n<li>Am\u00e9liorer ses comp\u00e9tences en\u00a0<strong>langue vivante<\/strong><\/li>\n\n\n\n<li>Mener des projets d\u2019<strong>\u00e9ducation inclusive<\/strong>,\u00a0<strong>num\u00e9rique<\/strong>\u00a0ou\u00a0<strong>citoyenne<\/strong><\/li>\n\n\n\n<li>Int\u00e9grer des\u00a0<strong>outils num\u00e9riques europ\u00e9ens<\/strong>\u00a0(eTwinning, ESEP, etc.)<\/li>\n<\/ul>\n\n\n\n<p>Ces exp\u00e9riences s\u2019inscrivent dans la continuit\u00e9 des priorit\u00e9s du&nbsp;<strong>Plan Langues<\/strong>&nbsp;et du&nbsp;<strong>d\u00e9veloppement professionnel des enseignants<\/strong>.<\/p>\n\n\n\n<hr class=\"wp-block-separator has-alpha-channel-opacity\"\/>\n\n\n\n<h2 class=\"wp-block-heading\">\u2708\ufe0f Quelques exemples de mobilit\u00e9s<\/h2>\n\n\n\n<ul class=\"wp-block-list\">\n<li>Participation \u00e0 des\u00a0<strong>stages de formation en Europe<\/strong>\u00a0(CLIL, gestion de classe, pratiques langagi\u00e8res)<\/li>\n\n\n\n<li><strong>Job shadowing<\/strong>\u00a0: observation en immersion dans une \u00e9cole partenaire<\/li>\n\n\n\n<li>Rencontres et partages avec d\u2019autres enseignants engag\u00e9s<\/li>\n<\/ul>\n\n\n\n<p>Chaque projet est pr\u00e9par\u00e9 en \u00e9quipe, encadr\u00e9 par l\u2019IEN et peut s\u2019inscrire dans une&nbsp;<strong>d\u00e9marche de circonscription ou d\u2019\u00e9cole<\/strong>.<\/p>\n\n\n\n<hr class=\"wp-block-separator has-alpha-channel-opacity\"\/>\n\n\n\n<h2 class=\"wp-block-heading\">\ud83d\udccc Une dynamique \u00e0 encourager<\/h2>\n\n\n\n<blockquote class=\"wp-block-quote is-layout-flow wp-block-quote-is-layout-flow\">\n<p><strong>Erasmus+, c\u2019est plus qu\u2019un voyage : c\u2019est une ouverture p\u00e9dagogique durable.<\/strong><br>Les retours sont tr\u00e8s positifs : enrichissement professionnel, valorisation des comp\u00e9tences, et b\u00e9n\u00e9fices concrets pour les \u00e9l\u00e8ves.<\/p>\n<\/blockquote>\n\n\n\n<hr class=\"wp-block-separator has-alpha-channel-opacity\"\/>\n\n\n\n<h2 class=\"wp-block-heading\">\ud83d\udcec Vous \u00eates int\u00e9ress\u00e9(e) ?<\/h2>\n\n\n\n<p>\ud83d\udc49 Pour en savoir plus sur les possibilit\u00e9s Erasmus+ dans votre \u00e9cole ou \u00e0 titre individuel, cliquez ici :<\/p>\n\n\n\n<p><strong><a>\ud83d\udce9 <\/a><\/strong><a href=\"mailto:christelle.tiquant@ac-martinique.fr\" data-type=\"mailto\" data-id=\"mailto:christelle.tiquant@ac-martinique.fr\">Contacter <strong>l\u2019Enseignante R\u00e9f\u00e9rente en Langue Vivante \u00c9trang\u00e8re<\/strong> (anglais)<\/a><\/p>\n","protected":false},"excerpt":{"rendered":"<p>Dans l\u2019acad\u00e9mie de la Martinique, le programme&nbsp;Erasmus+&nbsp;permet \u00e0 de nombreux enseignants du premier degr\u00e9 de b\u00e9n\u00e9ficier d\u2019ouvertures professionnelles enrichissantes en Europe. Ce programme europ\u00e9en favorise : \ud83c\udfaf Objectifs pour les enseignants Ces exp\u00e9riences s\u2019inscrivent dans la continuit\u00e9 des priorit\u00e9s du&nbsp;Plan &hellip; <a href=\"https:\/\/site.ac-martinique.fr\/circonscription-stjoseph\/?p=173\">Continuer la lecture <span class=\"meta-nav\">&rarr;<\/span><\/a><\/p>\n","protected":false},"author":473,"featured_media":0,"comment_status":"closed","ping_status":"closed","sticky":false,"template":"","format":"standard","meta":{"footnotes":""},"categories":[17,1],"tags":[],"class_list":["post-173","post","type-post","status-publish","format-standard","hentry","category-langue-vivante-etrangere-anglais","category-non-classe"],"_links":{"self":[{"href":"https:\/\/site.ac-martinique.fr\/circonscription-stjoseph\/index.php?rest_route=\/wp\/v2\/posts\/173","targetHints":{"allow":["GET"]}}],"collection":[{"href":"https:\/\/site.ac-martinique.fr\/circonscription-stjoseph\/index.php?rest_route=\/wp\/v2\/posts"}],"about":[{"href":"https:\/\/site.ac-martinique.fr\/circonscription-stjoseph\/index.php?rest_route=\/wp\/v2\/types\/post"}],"author":[{"embeddable":true,"href":"https:\/\/site.ac-martinique.fr\/circonscription-stjoseph\/index.php?rest_route=\/wp\/v2\/users\/473"}],"replies":[{"embeddable":true,"href":"https:\/\/site.ac-martinique.fr\/circonscription-stjoseph\/index.php?rest_route=%2Fwp%2Fv2%2Fcomments&post=173"}],"version-history":[{"count":1,"href":"https:\/\/site.ac-martinique.fr\/circonscription-stjoseph\/index.php?rest_route=\/wp\/v2\/posts\/173\/revisions"}],"predecessor-version":[{"id":174,"href":"https:\/\/site.ac-martinique.fr\/circonscription-stjoseph\/index.php?rest_route=\/wp\/v2\/posts\/173\/revisions\/174"}],"wp:attachment":[{"href":"https:\/\/site.ac-martinique.fr\/circonscription-stjoseph\/index.php?rest_route=%2Fwp%2Fv2%2Fmedia&parent=173"}],"wp:term":[{"taxonomy":"category","embeddable":true,"href":"https:\/\/site.ac-martinique.fr\/circonscription-stjoseph\/index.php?rest_route=%2Fwp%2Fv2%2Fcategories&post=173"},{"taxonomy":"post_tag","embeddable":true,"href":"https:\/\/site.ac-martinique.fr\/circonscription-stjoseph\/index.php?rest_route=%2Fwp%2Fv2%2Ftags&post=173"}],"curies":[{"name":"wp","href":"https:\/\/api.w.org\/{rel}","templated":true}]}}