{"id":97,"date":"2025-06-27T12:50:51","date_gmt":"2025-06-27T16:50:51","guid":{"rendered":"https:\/\/site.ac-martinique.fr\/circonscription-stjoseph\/?p=97"},"modified":"2025-06-30T19:35:23","modified_gmt":"2025-06-30T23:35:23","slug":"musique-prim-la-musique-a-portee-de-voix-pour-tous-les-enseignants","status":"publish","type":"post","link":"https:\/\/site.ac-martinique.fr\/circonscription-stjoseph\/?p=97","title":{"rendered":"Musique Prim : la musique \u00e0 port\u00e9e de voix pour tous les enseignants"},"content":{"rendered":"\n<p><strong>Et si la musique devenait un plaisir partag\u00e9, accessible \u00e0 tous, m\u00eame sans \u00eatre musicien ?<\/strong>&nbsp;Avec&nbsp;<em><a href=\"https:\/\/www.reseau-canope.fr\/musique-prim\/accueil.html\" data-type=\"link\" data-id=\"https:\/\/www.reseau-canope.fr\/musique-prim\/accueil.html\">Musique Prim<\/a><\/em>, les enseignants du premier degr\u00e9 disposent d\u2019un v\u00e9ritable tr\u00e9sor p\u00e9dagogique pour faire vivre l\u2019\u00e9ducation musicale \u00e0 l\u2019\u00e9cole.<\/p>\n\n\n\n<h2 class=\"wp-block-heading\">\ud83c\udfbc Une ressource pens\u00e9e pour les enseignants<\/h2>\n\n\n\n<p>D\u00e9velopp\u00e9e par R\u00e9seau Canop\u00e9 en partenariat avec le minist\u00e8re de l\u2019\u00c9ducation nationale,&nbsp;<em><a href=\"https:\/\/www.reseau-canope.fr\/musique-prim\/accueil.html\" data-type=\"link\" data-id=\"https:\/\/www.reseau-canope.fr\/musique-prim\/accueil.html\">Musique Prim<\/a><\/em>&nbsp;propose :<\/p>\n\n\n\n<ul class=\"wp-block-list\">\n<li>Une&nbsp;<strong>offre l\u00e9gale d\u2019\u0153uvres musicales<\/strong>&nbsp;\u00e0 \u00e9couter et \u00e0 chanter<\/li>\n\n\n\n<li>Des&nbsp;<strong>r\u00e9pertoires pour la chorale<\/strong>&nbsp;adapt\u00e9s aux cycles 1, 2 et 3<\/li>\n\n\n\n<li>Des&nbsp;<strong>supports p\u00e9dagogiques cl\u00e9s en main<\/strong>&nbsp;: fiches, partitions, enregistrements, vid\u00e9os<\/li>\n\n\n\n<li>Des&nbsp;<strong>th\u00e9matiques vari\u00e9es<\/strong>&nbsp;: musique du monde, \u0153uvres patrimoniales, cr\u00e9ations contemporaines<\/li>\n<\/ul>\n\n\n\n<h2 class=\"wp-block-heading\">\ud83e\uddf0 Un outil simple, riche et s\u00e9curis\u00e9<\/h2>\n\n\n\n<p>L\u2019acc\u00e8s est gratuit pour tous les enseignants via leur adresse professionnelle. Une fois connect\u00e9, on d\u00e9couvre une interface intuitive, un moteur de recherche efficace, et des contenus class\u00e9s par niveau, style ou objectif p\u00e9dagogique.<\/p>\n\n\n\n<h2 class=\"wp-block-heading\">\ud83d\udca1 Pourquoi l\u2019adopter dans sa classe ?<\/h2>\n\n\n\n<ul class=\"wp-block-list\">\n<li><strong>Pour oser se lancer<\/strong>, m\u00eame sans formation musicale<\/li>\n\n\n\n<li><strong>Pour enrichir les projets d\u2019\u00e9cole<\/strong>&nbsp;(chorale, spectacle, semaine des arts\u2026)<\/li>\n\n\n\n<li><strong>Pour d\u00e9velopper l\u2019\u00e9coute, la m\u00e9moire, la cr\u00e9ativit\u00e9 et la coop\u00e9ration<\/strong><\/li>\n\n\n\n<li><strong>Pour faire entrer la culture musicale dans le quotidien des \u00e9l\u00e8ves<\/strong><\/li>\n<\/ul>\n\n\n\n<h2 class=\"wp-block-heading\">\ud83e\udd1dBesoin d&rsquo;aide ?<\/h2>\n\n\n\n<p>Contactez l&rsquo;ERUN de votre circonscription.<\/p>\n\n\n\n<h2 class=\"wp-block-heading\">\ud83d\udd17 Pour aller plus loin<\/h2>\n\n\n\n<ul class=\"wp-block-list\">\n<li><a href=\"https:\/\/www.reseau-canope.fr\/musique-prim\/accueil.html\" data-type=\"link\" data-id=\"https:\/\/www.reseau-canope.fr\/musique-prim\/accueil.html\">Acc\u00e9der \u00e0 Musique Prim sur le site de R\u00e9seau Canop\u00e9<\/a><\/li>\n<\/ul>\n","protected":false},"excerpt":{"rendered":"<p>Et si la musique devenait un plaisir partag\u00e9, accessible \u00e0 tous, m\u00eame sans \u00eatre musicien ?&nbsp;Avec&nbsp;Musique Prim, les enseignants du premier degr\u00e9 disposent d\u2019un v\u00e9ritable tr\u00e9sor p\u00e9dagogique pour faire vivre l\u2019\u00e9ducation musicale \u00e0 l\u2019\u00e9cole. \ud83c\udfbc Une ressource pens\u00e9e pour les &hellip; <a href=\"https:\/\/site.ac-martinique.fr\/circonscription-stjoseph\/?p=97\">Continuer la lecture <span class=\"meta-nav\">&rarr;<\/span><\/a><\/p>\n","protected":false},"author":473,"featured_media":126,"comment_status":"closed","ping_status":"closed","sticky":false,"template":"","format":"standard","meta":{"footnotes":""},"categories":[10],"tags":[12,5,6,11,7],"class_list":["post-97","post","type-post","status-publish","format-standard","has-post-thumbnail","hentry","category-musique","tag-cycle-1","tag-cycle-2","tag-cycle-3","tag-musique","tag-numerique"],"_links":{"self":[{"href":"https:\/\/site.ac-martinique.fr\/circonscription-stjoseph\/index.php?rest_route=\/wp\/v2\/posts\/97","targetHints":{"allow":["GET"]}}],"collection":[{"href":"https:\/\/site.ac-martinique.fr\/circonscription-stjoseph\/index.php?rest_route=\/wp\/v2\/posts"}],"about":[{"href":"https:\/\/site.ac-martinique.fr\/circonscription-stjoseph\/index.php?rest_route=\/wp\/v2\/types\/post"}],"author":[{"embeddable":true,"href":"https:\/\/site.ac-martinique.fr\/circonscription-stjoseph\/index.php?rest_route=\/wp\/v2\/users\/473"}],"replies":[{"embeddable":true,"href":"https:\/\/site.ac-martinique.fr\/circonscription-stjoseph\/index.php?rest_route=%2Fwp%2Fv2%2Fcomments&post=97"}],"version-history":[{"count":2,"href":"https:\/\/site.ac-martinique.fr\/circonscription-stjoseph\/index.php?rest_route=\/wp\/v2\/posts\/97\/revisions"}],"predecessor-version":[{"id":125,"href":"https:\/\/site.ac-martinique.fr\/circonscription-stjoseph\/index.php?rest_route=\/wp\/v2\/posts\/97\/revisions\/125"}],"wp:featuredmedia":[{"embeddable":true,"href":"https:\/\/site.ac-martinique.fr\/circonscription-stjoseph\/index.php?rest_route=\/wp\/v2\/media\/126"}],"wp:attachment":[{"href":"https:\/\/site.ac-martinique.fr\/circonscription-stjoseph\/index.php?rest_route=%2Fwp%2Fv2%2Fmedia&parent=97"}],"wp:term":[{"taxonomy":"category","embeddable":true,"href":"https:\/\/site.ac-martinique.fr\/circonscription-stjoseph\/index.php?rest_route=%2Fwp%2Fv2%2Fcategories&post=97"},{"taxonomy":"post_tag","embeddable":true,"href":"https:\/\/site.ac-martinique.fr\/circonscription-stjoseph\/index.php?rest_route=%2Fwp%2Fv2%2Ftags&post=97"}],"curies":[{"name":"wp","href":"https:\/\/api.w.org\/{rel}","templated":true}]}}