{"id":1441,"date":"2022-03-08T20:33:05","date_gmt":"2022-03-08T19:33:05","guid":{"rendered":"https:\/\/site.ac-martinique.fr\/circonscription-trinite\/?p=1441"},"modified":"2022-03-29T21:59:35","modified_gmt":"2022-03-29T19:59:35","slug":"kayak-au-robert","status":"publish","type":"post","link":"https:\/\/site.ac-martinique.fr\/circonscription-trinite\/?p=1441","title":{"rendered":"Kayak au Robert"},"content":{"rendered":"\n<div class=\"wp-block-columns is-style-default is-layout-flex wp-container-core-columns-is-layout-d0b3c9c8 wp-block-columns-is-layout-flex\">\n<div class=\"wp-block-column is-layout-flow wp-block-column-is-layout-flow\" style=\"--col-width:60%;flex-basis:60%\">\n<p class=\"has-h-3-font-size\">Une premi\u00e8re : depuis f\u00e9vrier 2022, les 4 classes de CM1-CM2 de l&#8217;\u00e9cole Edouard de L\u00e9pine ont le privil\u00e8ge de b\u00e9n\u00e9ficier d&#8217;un cycle Kayak. Il s&#8217;agit pour nos \u00e9l\u00e8ves d&#8217;apprendre \u00e0 s&#8217;\u00e9quilibrer, se propulser et se diriger en 8 s\u00e9ances et ainsi explorer le magnifique plan d&#8217;eau de Pointe Lynch.<\/p>\n\n\n\n<p class=\"has-h-3-font-size\">Gr\u00e2ce \u00e0 l&#8217;action coordonn\u00e9e de l&#8217;\u00e9ducateur de la base nautique de la ville du Robert, des enseignants\u00a0de chacune des classes et d&#8217;un enseignant suppl\u00e9mentaire\u00a0mis exceptionnellement\u00a0\u00e0 disposition de ce cours, 20 \u00e9l\u00e8ves peuvent \u00eatre sur l&#8217;eau \u00e0 la fois, et ce, durant 45 mn.<\/p>\n<\/div>\n\n\n\n<div class=\"wp-block-column is-layout-flow wp-block-column-is-layout-flow\" style=\"--col-width:33.33%;flex-basis:33.33%\">\n<figure class=\"wp-block-image size-large is-resized is-style-tw-rounded-corners\"><img loading=\"lazy\" decoding=\"async\" src=\"https:\/\/site.ac-martinique.fr\/circonscription-trinite\/wp-content\/uploads\/sites\/87\/2022\/03\/20220307_143439-498x1024.jpg\" alt=\"\" class=\"wp-image-1445\" width=\"362\" height=\"745\" srcset=\"https:\/\/site.ac-martinique.fr\/circonscription-trinite\/wp-content\/uploads\/sites\/87\/2022\/03\/20220307_143439-498x1024.jpg 498w, https:\/\/site.ac-martinique.fr\/circonscription-trinite\/wp-content\/uploads\/sites\/87\/2022\/03\/20220307_143439-146x300.jpg 146w, https:\/\/site.ac-martinique.fr\/circonscription-trinite\/wp-content\/uploads\/sites\/87\/2022\/03\/20220307_143439-768x1580.jpg 768w, https:\/\/site.ac-martinique.fr\/circonscription-trinite\/wp-content\/uploads\/sites\/87\/2022\/03\/20220307_143439-747x1536.jpg 747w, https:\/\/site.ac-martinique.fr\/circonscription-trinite\/wp-content\/uploads\/sites\/87\/2022\/03\/20220307_143439-996x2048.jpg 996w, https:\/\/site.ac-martinique.fr\/circonscription-trinite\/wp-content\/uploads\/sites\/87\/2022\/03\/20220307_143439-1568x3226.jpg 1568w, https:\/\/site.ac-martinique.fr\/circonscription-trinite\/wp-content\/uploads\/sites\/87\/2022\/03\/20220307_143439-scaled.jpg 1244w\" sizes=\"auto, (max-width: 362px) 100vw, 362px\" \/><\/figure>\n<\/div>\n<\/div>\n\n\n\n<p class=\"has-h-3-font-size\"><\/p>\n\n\n\n<figure class=\"wp-block-image size-large is-style-tw-rounded-corners\"><img loading=\"lazy\" decoding=\"async\" width=\"1024\" height=\"498\" src=\"https:\/\/site.ac-martinique.fr\/circonscription-trinite\/wp-content\/uploads\/sites\/87\/2022\/03\/20220307_143421-1024x498.jpg\" alt=\"\" class=\"wp-image-1444\" srcset=\"https:\/\/site.ac-martinique.fr\/circonscription-trinite\/wp-content\/uploads\/sites\/87\/2022\/03\/20220307_143421-1024x498.jpg 1024w, https:\/\/site.ac-martinique.fr\/circonscription-trinite\/wp-content\/uploads\/sites\/87\/2022\/03\/20220307_143421-300x146.jpg 300w, https:\/\/site.ac-martinique.fr\/circonscription-trinite\/wp-content\/uploads\/sites\/87\/2022\/03\/20220307_143421-768x373.jpg 768w, https:\/\/site.ac-martinique.fr\/circonscription-trinite\/wp-content\/uploads\/sites\/87\/2022\/03\/20220307_143421-1536x747.jpg 1536w, https:\/\/site.ac-martinique.fr\/circonscription-trinite\/wp-content\/uploads\/sites\/87\/2022\/03\/20220307_143421-2048x996.jpg 2048w, https:\/\/site.ac-martinique.fr\/circonscription-trinite\/wp-content\/uploads\/sites\/87\/2022\/03\/20220307_143421-1568x762.jpg 1568w\" sizes=\"auto, (max-width: 1024px) 100vw, 1024px\" \/><\/figure>\n\n\n\n<p class=\"has-h-3-font-size\">Par ailleurs, ce fort taux d&#8217;encadrement a permis \u00e0 2 \u00e9l\u00e8ves en situation de handicap de suivre ce cours et de se d\u00e9placer dans une embarcation.<\/p>\n\n\n\n<figure class=\"wp-block-image size-large is-style-tw-rounded-corners\"><img loading=\"lazy\" decoding=\"async\" width=\"1024\" height=\"498\" src=\"https:\/\/site.ac-martinique.fr\/circonscription-trinite\/wp-content\/uploads\/sites\/87\/2022\/03\/20220307_145109-1024x498.jpg\" alt=\"\" class=\"wp-image-1443\" srcset=\"https:\/\/site.ac-martinique.fr\/circonscription-trinite\/wp-content\/uploads\/sites\/87\/2022\/03\/20220307_145109-1024x498.jpg 1024w, https:\/\/site.ac-martinique.fr\/circonscription-trinite\/wp-content\/uploads\/sites\/87\/2022\/03\/20220307_145109-300x146.jpg 300w, https:\/\/site.ac-martinique.fr\/circonscription-trinite\/wp-content\/uploads\/sites\/87\/2022\/03\/20220307_145109-768x373.jpg 768w, https:\/\/site.ac-martinique.fr\/circonscription-trinite\/wp-content\/uploads\/sites\/87\/2022\/03\/20220307_145109-1536x747.jpg 1536w, https:\/\/site.ac-martinique.fr\/circonscription-trinite\/wp-content\/uploads\/sites\/87\/2022\/03\/20220307_145109-2048x996.jpg 2048w, https:\/\/site.ac-martinique.fr\/circonscription-trinite\/wp-content\/uploads\/sites\/87\/2022\/03\/20220307_145109-1568x762.jpg 1568w\" sizes=\"auto, (max-width: 1024px) 100vw, 1024px\" \/><\/figure>\n\n\n\n<p class=\"has-h-3-font-size\">Voici un retour en image de ce temps fort :<\/p>\n\n\n\n<figure class=\"wp-block-video\"><video controls src=\"blob:https:\/\/site.ac-martinique.fr\/1079047a-46b1-48b0-b95f-e5f836e9a389\"><\/video><\/figure>\n\n\n\n<p><\/p>\n","protected":false},"excerpt":{"rendered":"<p>Une premi\u00e8re : depuis f\u00e9vrier 2022, les 4 classes de CM1-CM2 de l&#8217;\u00e9cole Edouard de L\u00e9pine ont le privil\u00e8ge de b\u00e9n\u00e9ficier d&#8217;un cycle Kayak. Il s&#8217;agit pour nos \u00e9l\u00e8ves d&#8217;apprendre&hellip; <a class=\"more-link\" href=\"https:\/\/site.ac-martinique.fr\/circonscription-trinite\/?p=1441\">Poursuivre la lecture <span class=\"screen-reader-text\">Kayak au Robert<\/span><\/a><\/p>\n","protected":false},"author":272,"featured_media":1442,"comment_status":"closed","ping_status":"closed","sticky":false,"template":"","format":"standard","meta":{"footnotes":"","_links_to":"","_links_to_target":""},"categories":[68,7],"tags":[],"class_list":["post-1441","post","type-post","status-publish","format-standard","has-post-thumbnail","hentry","category-eps","category-productiondesecoles","entry"],"amp_enabled":true,"_links":{"self":[{"href":"https:\/\/site.ac-martinique.fr\/circonscription-trinite\/index.php?rest_route=\/wp\/v2\/posts\/1441","targetHints":{"allow":["GET"]}}],"collection":[{"href":"https:\/\/site.ac-martinique.fr\/circonscription-trinite\/index.php?rest_route=\/wp\/v2\/posts"}],"about":[{"href":"https:\/\/site.ac-martinique.fr\/circonscription-trinite\/index.php?rest_route=\/wp\/v2\/types\/post"}],"author":[{"embeddable":true,"href":"https:\/\/site.ac-martinique.fr\/circonscription-trinite\/index.php?rest_route=\/wp\/v2\/users\/272"}],"replies":[{"embeddable":true,"href":"https:\/\/site.ac-martinique.fr\/circonscription-trinite\/index.php?rest_route=%2Fwp%2Fv2%2Fcomments&post=1441"}],"version-history":[{"count":2,"href":"https:\/\/site.ac-martinique.fr\/circonscription-trinite\/index.php?rest_route=\/wp\/v2\/posts\/1441\/revisions"}],"predecessor-version":[{"id":1447,"href":"https:\/\/site.ac-martinique.fr\/circonscription-trinite\/index.php?rest_route=\/wp\/v2\/posts\/1441\/revisions\/1447"}],"wp:featuredmedia":[{"embeddable":true,"href":"https:\/\/site.ac-martinique.fr\/circonscription-trinite\/index.php?rest_route=\/wp\/v2\/media\/1442"}],"wp:attachment":[{"href":"https:\/\/site.ac-martinique.fr\/circonscription-trinite\/index.php?rest_route=%2Fwp%2Fv2%2Fmedia&parent=1441"}],"wp:term":[{"taxonomy":"category","embeddable":true,"href":"https:\/\/site.ac-martinique.fr\/circonscription-trinite\/index.php?rest_route=%2Fwp%2Fv2%2Fcategories&post=1441"},{"taxonomy":"post_tag","embeddable":true,"href":"https:\/\/site.ac-martinique.fr\/circonscription-trinite\/index.php?rest_route=%2Fwp%2Fv2%2Ftags&post=1441"}],"curies":[{"name":"wp","href":"https:\/\/api.w.org\/{rel}","templated":true}]}}