{"id":158,"date":"2021-07-03T02:52:56","date_gmt":"2021-07-03T00:52:56","guid":{"rendered":"https:\/\/site.ac-martinique.fr\/circonscription-trinite\/?p=158"},"modified":"2022-09-12T20:31:43","modified_gmt":"2022-09-12T18:31:43","slug":"evaluations-nationales-et-academiques","status":"publish","type":"post","link":"https:\/\/site.ac-martinique.fr\/circonscription-trinite\/?p=158","title":{"rendered":"Evaluations (nationales et acad\u00e9miques)"},"content":{"rendered":"\n<p class=\"has-text-align-center has-large-font-size\"><em>Vous trouverez ici les documents relatifs aux \u00e9valuations nationales et acad\u00e9miques.<\/em><\/p>\n\n\n\n<h2 class=\"alignwide has-text-align-center has-white-background-color has-text-color has-background wp-block-heading\" style=\"color:#0b9160\">EVALUATIONS  NATIONALES D\u00c9BUT CP &#8211; 2022<\/h2>\n\n\n\n<div class=\"wp-block-columns is-layout-flex wp-container-core-columns-is-layout-d0b3c9c8 wp-block-columns-is-layout-flex\">\n<div class=\"wp-block-column is-layout-flow wp-block-column-is-layout-flow\">\n<h3 class=\"alignfull has-text-align-center has-white-background-color has-background wp-block-heading\">  <span style=\"color:#b90091\" class=\"tadv-color\"><span style=\"background-color:#FFFFFF\" class=\"tadv-background-color\">&#8212; <\/span><\/span><span style=\"color:#840d5a\" class=\"has-inline-color\"><span style=\"background-color:#ffffff\" class=\"tadv-background-color\"><span style=\"color:#b90091\" class=\"tadv-color\">Guide de l&#8217;enseignant<\/span> &#8212;<\/span><\/span>  <\/h3>\n\n\n\n<ul class=\"has-medium-font-size wp-block-list\"><li><a rel=\"noreferrer noopener\" href=\"https:\/\/eduscol.education.fr\/document\/7622\/download\" target=\"_blank\"><a rel=\"noreferrer noopener\" href=\"https:\/\/eduscol.education.fr\/document\/41264\/download\" target=\"_blank\">Guide pour le professeur<\/a><\/a><\/li><li><a rel=\"noreferrer noopener\" href=\"https:\/\/eduscol.education.fr\/document\/7622\/download\" target=\"_blank\"><a href=\"https:\/\/eduscol.education.fr\/document\/41285\/download\">Guide pour le professeur &#8211; version adapt\u00e9e<\/a><\/a><\/li><li><a rel=\"noreferrer noopener\" href=\"https:\/\/eduscol.education.fr\/document\/7622\/download\" target=\"_blank\"><a href=\"https:\/\/eduscol.education.fr\/document\/41282\/download\">Guide pour le professeur &#8211; version adapt\u00e9e non-voyants<\/a><\/a><\/li><li><a rel=\"noreferrer noopener\" href=\"https:\/\/eduscol.education.fr\/document\/7622\/download\" target=\"_blank\"><a href=\"https:\/\/eduscol.education.fr\/document\/41279\/download\">Guide pour le professeur &#8211; version adapt\u00e9e sourds et malentendants<\/a><\/a><\/li><\/ul>\n\n\n\n<p><\/p>\n<\/div>\n\n\n\n<div class=\"wp-block-column is-layout-flow wp-block-column-is-layout-flow\">\n<h3 class=\"alignfull has-text-align-center has-white-background-color has-background wp-block-heading\">  <span style=\"color:#b90091\" class=\"tadv-color\"><span style=\"background-color:#FFFFFF\" class=\"tadv-background-color\">&#8212; <\/span><\/span><span style=\"color:#840d5a\" class=\"has-inline-color\"><span style=\"background-color:#ffffff\" class=\"tadv-background-color\"><span style=\"color:#b90091\" class=\"tadv-color\">Cahier de l&#8217;\u00e9l\u00e8ve<\/span><\/span><\/span><span style=\"color:#840d5a\" class=\"has-inline-color\"><span style=\"background-color:#ffffff\" class=\"tadv-background-color\"> &#8212;<\/span><\/span>  <\/h3>\n\n\n\n<ul class=\"has-medium-font-size wp-block-list\"><li><a rel=\"noreferrer noopener\" href=\"https:\/\/eduscol.education.fr\/document\/7601\/download\" target=\"_blank\"><a rel=\"noreferrer noopener\" href=\"https:\/\/eduscol.education.fr\/document\/41267\/download\" target=\"_blank\">Cahier de l&#8217;\u00e9l\u00e8ve<\/a><\/a><\/li><li><a rel=\"noreferrer noopener\" href=\"https:\/\/eduscol.education.fr\/document\/7601\/download\" target=\"_blank\">Cahier de l&#8217;\u00e9l\u00e8ve &#8211; version adapt\u00e9e &#8211;\u00a0<a href=\"https:\/\/eduscol.education.fr\/document\/41252\/download\">Tome 1<\/a>\u00a0&#8211;\u00a0<a href=\"https:\/\/eduscol.education.fr\/document\/41249\/download\">Tome 2<\/a><\/a><\/li><li><a rel=\"noreferrer noopener\" href=\"https:\/\/eduscol.education.fr\/document\/7601\/download\" target=\"_blank\"><a href=\"https:\/\/eduscol.education.fr\/document\/41291\/download\">Cahier de l&#8217;\u00e9l\u00e8ve &#8211; version adapt\u00e9e non-voyants<\/a><\/a><\/li><li><a rel=\"noreferrer noopener\" href=\"https:\/\/eduscol.education.fr\/document\/7601\/download\" target=\"_blank\">Cahier de l&#8217;\u00e9l\u00e8ve &#8211; version sourds et malentendants &#8211;\u00a0<a href=\"https:\/\/eduscol.education.fr\/document\/41258\/download\">Tome 1<\/a>\u00a0&#8211;\u00a0<a href=\"https:\/\/eduscol.education.fr\/document\/41255\/download\">Tome 2<\/a><\/a><\/li><li><a rel=\"noreferrer noopener\" href=\"https:\/\/eduscol.education.fr\/document\/7601\/download\" target=\"_blank\"><a href=\"https:\/\/eduscol.education.fr\/document\/41288\/download\">Cahier adulte accompagnant &#8211; pour le report par l&#8217;adulte des r\u00e9ponses de l&#8217;\u00e9l\u00e8ve non-voyant<\/a><\/a><\/li><\/ul>\n<\/div>\n<\/div>\n\n\n\n<h2 class=\"alignwide has-text-align-center has-white-background-color has-text-color has-background wp-block-heading\" style=\"color:#0b9160\">EVALUATIONS  ACADEMIQUES GRANDE SECTION &#8211; 2021<\/h2>\n\n\n\n<p class=\"has-large-font-size\">Pour acc\u00e9der aux diff\u00e9rents supports de passation, cliquez sur le document qui vous int\u00e9resse.<\/p>\n\n\n\n<div class=\"wp-block-columns is-layout-flex wp-container-core-columns-is-layout-d0b3c9c8 wp-block-columns-is-layout-flex\">\n<div class=\"wp-block-column is-layout-flow wp-block-column-is-layout-flow\">\n<h2 class=\"has-text-align-center has-large-font-size wp-block-heading\">CONSCIENCE PHONOLOGIQUE ET PRINCIPE ALPHABETIQUE<\/h2>\n\n\n\n<div class=\"wp-block-file\"><a id=\"wp-block-file--media-eeb94393-10d0-4331-b648-983cd4c9050a\" href=\"https:\/\/site.ac-martinique.fr\/circonscription-trinite\/wp-content\/uploads\/sites\/87\/2022\/03\/OK-Eva_phono_GS_2022_Guide_PE.pdf\">OK-Eva_phono_GS_2022_Guide_PE<\/a><\/div>\n\n\n\n<div class=\"wp-block-file\"><a id=\"wp-block-file--media-528af534-74f8-42f2-88f6-9665c4f3ae58\" href=\"https:\/\/site.ac-martinique.fr\/circonscription-trinite\/wp-content\/uploads\/sites\/87\/2022\/03\/OK-Eva_phono_GS_2022_Livret2_Eleve.pdf\">OK-Eva_phono_GS_2022_Livret2_Eleve<\/a><\/div>\n<\/div>\n\n\n\n<div class=\"wp-block-column is-layout-flow wp-block-column-is-layout-flow\">\n<h2 class=\"has-text-align-center has-large-font-size wp-block-heading\">CONSTRUCTION LES OUTILS POUR STRUCTURER LA PENSEE<\/h2>\n\n\n\n<div class=\"wp-block-file\"><a id=\"wp-block-file--media-8f137202-0dfc-4487-874d-365e7bec4d15\" href=\"https:\/\/site.ac-martinique.fr\/circonscription-trinite\/wp-content\/uploads\/sites\/87\/2022\/03\/2022-EVA-ACA-972-SG-MATH-guide-mai\u0302tre.pdf\">2022-EVA-ACA-972-SG-MATH-guide-mai\u0302tre<\/a><\/div>\n\n\n\n<div class=\"wp-block-file\"><a id=\"wp-block-file--media-d0cc7c2b-5e78-4774-aac3-9ec131404602\" href=\"https:\/\/site.ac-martinique.fr\/circonscription-trinite\/wp-content\/uploads\/sites\/87\/2022\/03\/2022-EVA-ACA-972-SG-MATH-eleve.pdf\">2022-EVA-ACA-972-SG-MATH-eleve<\/a><\/div>\n<\/div>\n<\/div>\n\n\n\n<div class=\"wp-block-columns is-layout-flex wp-container-core-columns-is-layout-d0b3c9c8 wp-block-columns-is-layout-flex\">\n<div class=\"wp-block-column is-layout-flow wp-block-column-is-layout-flow\">\n<h2 class=\"has-text-align-center has-large-font-size wp-block-heading\">CONSCIENCE PHONOLOGIQUE ET PRINCIPE ALPHABETIQUE<\/h2>\n\n\n\n<div class=\"wp-block-file\"><a id=\"wp-block-file--media-0d88e78a-f3b8-4081-9b71-997bb274d69c\" href=\"https:\/\/site.ac-martinique.fr\/circonscription-trinite\/wp-content\/uploads\/sites\/87\/2022\/01\/Evaluation-academique-SG-Guide-du-maitre.pdf\">Evaluation-academique-SG-Guide-du-maitre-FR<\/a><\/div>\n\n\n\n<div class=\"wp-block-file\"><a id=\"wp-block-file--media-eb6335cb-38d0-47b2-8f7d-c5f7980f3312\" href=\"https:\/\/site.ac-martinique.fr\/circonscription-trinite\/wp-content\/uploads\/sites\/87\/2022\/01\/Evaluation-academique-SG-Cahier-de-leleve.pdf\">Evaluation-academique-SG-Cahier-de-leleve-FR<\/a><\/div>\n<\/div>\n\n\n\n<div class=\"wp-block-column is-layout-flow wp-block-column-is-layout-flow\">\n<h2 class=\"has-text-align-center has-large-font-size wp-block-heading\">CONSTRUCTION LES OUTILS POUR STRUCTURER LA PENSEE<\/h2>\n\n\n\n<div class=\"wp-block-file\"><a id=\"wp-block-file--media-6d9bf93e-2f6b-4b9c-9e25-c209f5787466\" href=\"https:\/\/site.ac-martinique.fr\/circonscription-trinite\/wp-content\/uploads\/sites\/87\/2022\/01\/guide-math.pdf\"> Evaluation-academique-SG-Guide-du-maitre -MATHS<\/a><\/div>\n\n\n\n<div class=\"wp-block-file\"><a id=\"wp-block-file--media-cee6031f-628b-4ee1-8f87-27dd5a94b3d4\" href=\"https:\/\/site.ac-martinique.fr\/circonscription-trinite\/wp-content\/uploads\/sites\/87\/2022\/01\/eleve-math1.pdf\">Evaluation-academique-SG-Cahier-de-leleve-MATHS<\/a><\/div>\n<\/div>\n<\/div>\n\n\n\n<p><\/p>\n\n\n\n<h2 class=\"alignwide has-text-align-center has-white-background-color has-text-color has-background wp-block-heading\" style=\"color:#0b9160\">EVALUATIONS  NATIONALES D\u00c9BUT CP &#8211; 2021<\/h2>\n\n\n\n<p class=\"has-large-font-size\">Pour acc\u00e9der aux diff\u00e9rents supports de passation, cliquez sur le document qui vous int\u00e9resse.<\/p>\n\n\n\n<div class=\"wp-block-columns is-layout-flex wp-container-core-columns-is-layout-d0b3c9c8 wp-block-columns-is-layout-flex\">\n<div class=\"wp-block-column is-layout-flow wp-block-column-is-layout-flow\">\n<h3 class=\"alignfull has-text-align-center has-white-background-color has-background wp-block-heading\">  <span style=\"color:#b90091\" class=\"tadv-color\"><span style=\"background-color:#FFFFFF\" class=\"tadv-background-color\">&#8212; <\/span><\/span><span style=\"color:#840d5a\" class=\"has-inline-color\"><span style=\"background-color:#ffffff\" class=\"tadv-background-color\"><span style=\"color:#b90091\" class=\"tadv-color\">Guide de l&#8217;enseignant<\/span> &#8212;<\/span><\/span>  <\/h3>\n\n\n\n<ul class=\"has-medium-font-size wp-block-list\"><li><a href=\"https:\/\/eduscol.education.fr\/document\/7622\/download\" target=\"_blank\" rel=\"noreferrer noopener\">Guide pour le professeur<\/a><\/li><li><a href=\"https:\/\/eduscol.education.fr\/document\/4251\/download\">Guide pour le professeur &#8211; version adapt\u00e9e<\/a><\/li><li><a href=\"https:\/\/eduscol.education.fr\/document\/7625\/download\">Guide pour le professeur &#8211; version adapt\u00e9e non-voyants<\/a><\/li><li><a href=\"https:\/\/eduscol.education.fr\/document\/4248\/download\">Guide pour le professeur &#8211; version adapt\u00e9e sourds et malentendants<\/a><\/li><\/ul>\n\n\n\n<p><\/p>\n<\/div>\n\n\n\n<div class=\"wp-block-column is-layout-flow wp-block-column-is-layout-flow\">\n<h3 class=\"alignfull has-text-align-center has-white-background-color has-background wp-block-heading\">  <span style=\"color:#b90091\" class=\"tadv-color\"><span style=\"background-color:#FFFFFF\" class=\"tadv-background-color\">&#8212; <\/span><\/span><span style=\"color:#840d5a\" class=\"has-inline-color\"><span style=\"background-color:#ffffff\" class=\"tadv-background-color\"><span style=\"color:#b90091\" class=\"tadv-color\">Cahier de l&#8217;\u00e9l\u00e8ve<\/span><\/span><\/span><span style=\"color:#840d5a\" class=\"has-inline-color\"><span style=\"background-color:#ffffff\" class=\"tadv-background-color\"> &#8212;<\/span><\/span>  <\/h3>\n\n\n\n<ul class=\"has-medium-font-size wp-block-list\"><li><a href=\"https:\/\/eduscol.education.fr\/document\/7601\/download\" target=\"_blank\" rel=\"noreferrer noopener\">Cahier de l&#8217;\u00e9l\u00e8ve<\/a><\/li><li><a href=\"https:\/\/eduscol.education.fr\/document\/7616\/download\">Cahier de l&#8217;\u00e9l\u00e8ve &#8211; version adapt\u00e9e &#8211;&nbsp;Tome 1<\/a>&nbsp;&#8211;&nbsp;<a href=\"https:\/\/eduscol.education.fr\/document\/7619\/download\">Tome 2<\/a><\/li><li><a href=\"https:\/\/eduscol.education.fr\/document\/7604\/download\">Cahier de l&#8217;\u00e9l\u00e8ve &#8211; version adapt\u00e9e non-voyants<\/a><\/li><li><a href=\"https:\/\/eduscol.education.fr\/document\/7610\/download\">Cahier de l&#8217;\u00e9l\u00e8ve &#8211; version sourds et malentendants &#8211; Tome 1<\/a>&nbsp;&#8211;&nbsp;<a href=\"https:\/\/eduscol.education.fr\/document\/7613\/download\">Tome 2<\/a><\/li><li><a href=\"https:\/\/eduscol.education.fr\/document\/7607\/download\">Cahier adulte accompagnant &#8211; pour le report par l&#8217;adulte des r\u00e9ponses de l&#8217;\u00e9l\u00e8ve non-voyant<\/a><\/li><\/ul>\n<\/div>\n<\/div>\n\n\n\n<h2 class=\"alignwide has-text-align-center has-white-background-color has-text-color has-background wp-block-heading\" style=\"color:#0b9160\">\u00c9VALUATIONS NATIONALES D\u00c9BUT CE1 &#8211; 2021<\/h2>\n\n\n\n<div class=\"wp-block-columns is-layout-flex wp-container-core-columns-is-layout-d0b3c9c8 wp-block-columns-is-layout-flex\">\n<div class=\"wp-block-column is-layout-flow wp-block-column-is-layout-flow\">\n<h3 class=\"alignfull has-text-align-center has-white-background-color has-background wp-block-heading\">  <span style=\"color:#b90091\" class=\"tadv-color\"><span style=\"background-color:#FFFFFF\" class=\"tadv-background-color\">&#8212; <\/span><\/span><span style=\"color:#840d5a\" class=\"has-inline-color\"><span style=\"background-color:#ffffff\" class=\"tadv-background-color\"><span style=\"color:#b90091\" class=\"tadv-color\">Guide de l&#8217;enseignant<\/span> &#8212;<\/span><\/span>  <\/h3>\n\n\n\n<ul class=\"wp-block-list\"><li><a href=\"https:\/\/eduscol.education.fr\/document\/7589\/download\">Guide pour le professeur<\/a><\/li><li><a href=\"https:\/\/eduscol.education.fr\/document\/7598\/download\">Guide pour le professeur &#8211; version adapt\u00e9e<\/a><\/li><li><a href=\"https:\/\/eduscol.education.fr\/document\/7592\/download\">Guide pour le professeur &#8211; version adapt\u00e9e non-voyants<\/a><\/li><li><a href=\"https:\/\/eduscol.education.fr\/document\/7595\/download\">Guide pour le professeur &#8211; version adapt\u00e9e sourds et malentendants<\/a><\/li><\/ul>\n<\/div>\n\n\n\n<div class=\"wp-block-column is-layout-flow wp-block-column-is-layout-flow\">\n<h3 class=\"alignfull has-text-align-center has-white-background-color has-background wp-block-heading\">  <span style=\"color:#b90091\" class=\"tadv-color\"><span style=\"background-color:#FFFFFF\" class=\"tadv-background-color\">&#8212; <\/span><\/span><span style=\"color:#840d5a\" class=\"has-inline-color\"><span style=\"background-color:#ffffff\" class=\"tadv-background-color\"><span style=\"color:#b90091\" class=\"tadv-color\">Cahier de l&#8217;\u00e9l\u00e8ve<\/span><\/span><\/span><span style=\"color:#840d5a\" class=\"has-inline-color\"><span style=\"background-color:#ffffff\" class=\"tadv-background-color\"> &#8212;<\/span><\/span>  <\/h3>\n\n\n\n<ul class=\"wp-block-list\"><li><a href=\"https:\/\/eduscol.education.fr\/document\/7568\/download\">Cahier de l&#8217;\u00e9l\u00e8ve<\/a><\/li><li><a href=\"https:\/\/eduscol.education.fr\/document\/7583\/download\">Cahier de l&#8217;\u00e9l\u00e8ve &#8211; version adapt\u00e9e Tome 1<\/a>&nbsp;&#8211;&nbsp;<a href=\"https:\/\/eduscol.education.fr\/document\/7586\/download\">Tome 2<\/a><\/li><li><a href=\"https:\/\/eduscol.education.fr\/document\/7571\/download\">Cahier de l&#8217;\u00e9l\u00e8ve &#8211; version adapt\u00e9e non-voyants<\/a><\/li><li><a href=\"https:\/\/eduscol.education.fr\/document\/7577\/download\">Cahier de l&#8217;\u00e9l\u00e8ve &#8211; version adapt\u00e9e sourds et malentendants Tome 1<\/a>&nbsp;&#8211;&nbsp;<a href=\"https:\/\/eduscol.education.fr\/document\/7580\/download\">Tome 2<\/a><\/li><li><a href=\"https:\/\/eduscol.education.fr\/document\/7574\/download\">Cahier adulte accompagnant &#8211; pour le report par l&#8217;adulte des r\u00e9ponses de l&#8217;\u00e9l\u00e8ve non voyant<\/a><\/li><\/ul>\n<\/div>\n<\/div>\n\n\n\n<p><\/p>\n","protected":false},"excerpt":{"rendered":"<p>Vous trouverez ici les documents relatifs aux \u00e9valuations nationales et acad\u00e9miques. EVALUATIONS NATIONALES D\u00c9BUT CP &#8211; 2022 &#8212; Guide de l&#8217;enseignant &#8212; Guide pour le professeur Guide pour le professeur&hellip; <a class=\"more-link\" href=\"https:\/\/site.ac-martinique.fr\/circonscription-trinite\/?p=158\">Poursuivre la lecture <span class=\"screen-reader-text\">Evaluations (nationales et acad\u00e9miques)<\/span><\/a><\/p>\n","protected":false},"author":227,"featured_media":0,"comment_status":"closed","ping_status":"","sticky":false,"template":"","format":"standard","meta":{"footnotes":"","_links_to":"","_links_to_target":""},"categories":[4],"tags":[],"class_list":["post-158","post","type-post","status-publish","format-standard","hentry","category-aidesauxeleves","entry"],"amp_enabled":true,"_links":{"self":[{"href":"https:\/\/site.ac-martinique.fr\/circonscription-trinite\/index.php?rest_route=\/wp\/v2\/posts\/158","targetHints":{"allow":["GET"]}}],"collection":[{"href":"https:\/\/site.ac-martinique.fr\/circonscription-trinite\/index.php?rest_route=\/wp\/v2\/posts"}],"about":[{"href":"https:\/\/site.ac-martinique.fr\/circonscription-trinite\/index.php?rest_route=\/wp\/v2\/types\/post"}],"author":[{"embeddable":true,"href":"https:\/\/site.ac-martinique.fr\/circonscription-trinite\/index.php?rest_route=\/wp\/v2\/users\/227"}],"replies":[{"embeddable":true,"href":"https:\/\/site.ac-martinique.fr\/circonscription-trinite\/index.php?rest_route=%2Fwp%2Fv2%2Fcomments&post=158"}],"version-history":[{"count":11,"href":"https:\/\/site.ac-martinique.fr\/circonscription-trinite\/index.php?rest_route=\/wp\/v2\/posts\/158\/revisions"}],"predecessor-version":[{"id":2381,"href":"https:\/\/site.ac-martinique.fr\/circonscription-trinite\/index.php?rest_route=\/wp\/v2\/posts\/158\/revisions\/2381"}],"wp:attachment":[{"href":"https:\/\/site.ac-martinique.fr\/circonscription-trinite\/index.php?rest_route=%2Fwp%2Fv2%2Fmedia&parent=158"}],"wp:term":[{"taxonomy":"category","embeddable":true,"href":"https:\/\/site.ac-martinique.fr\/circonscription-trinite\/index.php?rest_route=%2Fwp%2Fv2%2Fcategories&post=158"},{"taxonomy":"post_tag","embeddable":true,"href":"https:\/\/site.ac-martinique.fr\/circonscription-trinite\/index.php?rest_route=%2Fwp%2Fv2%2Ftags&post=158"}],"curies":[{"name":"wp","href":"https:\/\/api.w.org\/{rel}","templated":true}]}}