{"id":3540,"date":"2023-03-30T17:48:23","date_gmt":"2023-03-30T15:48:23","guid":{"rendered":"https:\/\/site.ac-martinique.fr\/circonscription-trinite\/?p=3540"},"modified":"2023-03-30T17:48:23","modified_gmt":"2023-03-30T15:48:23","slug":"pilotage-continuite-pedagogique","status":"publish","type":"post","link":"https:\/\/site.ac-martinique.fr\/circonscription-trinite\/?p=3540","title":{"rendered":"Pilotage &#8211; Continuit\u00e9 P\u00e9dagogique"},"content":{"rendered":"\n<p class=\"has-text-align-center has-h-3-font-size\"><em>&#8220;Pour toutes les situations n\u00e9cessitant des mesures collectives cibl\u00e9es de fermeture ou de limitation d\u2019acc\u00e8s aux \u00e9coles et \u00e9tablissements, le minist\u00e8re charg\u00e9 de l&#8217;\u00c9ducation Nationale met \u00e0 disposition un ensemble d&#8217;outils permettant d&#8217;assurer la continuit\u00e9 des enseignements dans les \u00e9coles, coll\u00e8ges et lyc\u00e9es.&#8221;<\/em><\/p>\n\n\n\n<p class=\"has-text-align-center has-normal-font-size\"> Extrait de <a href=\"https:\/\/eduscol.education.fr\/2227\/preparer-son-plan-de-continuite-pedagogique\">https:\/\/eduscol.education.fr\/2227\/preparer-son-plan-de-continuite-pedagogique<\/a><\/p>\n\n\n\n<p><\/p>\n\n\n\n<p class=\"has-h-3-font-size\">Vous trouverez ci-apr\u00e8s les recommandations \u00e0 suivre en cas de mise en \u0153uvre d&#8217;un enseignement hybride ou d&#8217;un enseignement \u00e0 distance intitul\u00e9 &#8221; <strong>Pr\u00e9parer son plan de continuit\u00e9 p\u00e9dagogique\u00a0<\/strong>&#8220;.<\/p>\n\n\n\n<div data-wp-interactive=\"core\/file\" class=\"wp-block-file aligncenter\"><object data-wp-bind--hidden=\"!state.hasPdfPreview\" hidden class=\"wp-block-file__embed\" data=\"https:\/\/site.ac-martinique.fr\/circonscription-trinite\/wp-content\/uploads\/sites\/87\/2023\/03\/plan_continuite-pedagogique_RS-2022_0.pdf\" type=\"application\/pdf\" style=\"width:100%;height:930px\" aria-label=\"Contenu embarqu\u00e9 plan_continuite-pedagogique_RS-2022_0.\"><\/object><a id=\"wp-block-file--media-ade49046-b3bc-408b-844b-82048eff44fc\" href=\"https:\/\/site.ac-martinique.fr\/circonscription-trinite\/wp-content\/uploads\/sites\/87\/2023\/03\/plan_continuite-pedagogique_RS-2022_0.pdf\">plan_continuite-pedagogique_RS-2022_0<\/a><a href=\"https:\/\/site.ac-martinique.fr\/circonscription-trinite\/wp-content\/uploads\/sites\/87\/2023\/03\/plan_continuite-pedagogique_RS-2022_0.pdf\" class=\"wp-block-file__button wp-element-button\" download aria-describedby=\"wp-block-file--media-ade49046-b3bc-408b-844b-82048eff44fc\">T\u00e9l\u00e9charger<\/a><\/div>\n\n\n\n<p class=\"has-h-3-font-size\">De plus, fourni par l&#8217;Acad\u00e9mie de Martinique, une version simplifi\u00e9e du document de pr\u00e9paration du Plan de Continuit\u00e9 P\u00e9dagogique, version modifiable.<\/p>\n\n\n\n<div class=\"wp-block-file aligncenter\"><a id=\"wp-block-file--media-cf66708f-9487-4a74-b174-9980d667a746\" href=\"https:\/\/site.ac-martinique.fr\/circonscription-trinite\/wp-content\/uploads\/sites\/87\/2023\/03\/V5_PLAN-DE-CONTINUITE-PEDAGOGIQUE-1D-2D.docx\">V5_PLAN-DE-CONTINUITE-PEDAGOGIQUE-1D-2D<\/a><a href=\"https:\/\/site.ac-martinique.fr\/circonscription-trinite\/wp-content\/uploads\/sites\/87\/2023\/03\/V5_PLAN-DE-CONTINUITE-PEDAGOGIQUE-1D-2D.docx\" class=\"wp-block-file__button wp-element-button\" download aria-describedby=\"wp-block-file--media-cf66708f-9487-4a74-b174-9980d667a746\">T\u00e9l\u00e9charger<\/a><\/div>\n","protected":false},"excerpt":{"rendered":"<p>&#8220;Pour toutes les situations n\u00e9cessitant des mesures collectives cibl\u00e9es de fermeture ou de limitation d\u2019acc\u00e8s aux \u00e9coles et \u00e9tablissements, le minist\u00e8re charg\u00e9 de l&#8217;\u00c9ducation Nationale met \u00e0 disposition un ensemble&hellip; <a class=\"more-link\" href=\"https:\/\/site.ac-martinique.fr\/circonscription-trinite\/?p=3540\">Poursuivre la lecture <span class=\"screen-reader-text\">Pilotage &#8211; Continuit\u00e9 P\u00e9dagogique<\/span><\/a><\/p>\n","protected":false},"author":272,"featured_media":3545,"comment_status":"closed","ping_status":"","sticky":false,"template":"","format":"standard","meta":{"footnotes":"","_links_to":"","_links_to_target":""},"categories":[3,96],"tags":[],"class_list":["post-3540","post","type-post","status-publish","format-standard","has-post-thumbnail","hentry","category-directeurs","category-pilotage","entry"],"amp_enabled":true,"_links":{"self":[{"href":"https:\/\/site.ac-martinique.fr\/circonscription-trinite\/index.php?rest_route=\/wp\/v2\/posts\/3540","targetHints":{"allow":["GET"]}}],"collection":[{"href":"https:\/\/site.ac-martinique.fr\/circonscription-trinite\/index.php?rest_route=\/wp\/v2\/posts"}],"about":[{"href":"https:\/\/site.ac-martinique.fr\/circonscription-trinite\/index.php?rest_route=\/wp\/v2\/types\/post"}],"author":[{"embeddable":true,"href":"https:\/\/site.ac-martinique.fr\/circonscription-trinite\/index.php?rest_route=\/wp\/v2\/users\/272"}],"replies":[{"embeddable":true,"href":"https:\/\/site.ac-martinique.fr\/circonscription-trinite\/index.php?rest_route=%2Fwp%2Fv2%2Fcomments&post=3540"}],"version-history":[{"count":1,"href":"https:\/\/site.ac-martinique.fr\/circonscription-trinite\/index.php?rest_route=\/wp\/v2\/posts\/3540\/revisions"}],"predecessor-version":[{"id":3546,"href":"https:\/\/site.ac-martinique.fr\/circonscription-trinite\/index.php?rest_route=\/wp\/v2\/posts\/3540\/revisions\/3546"}],"wp:featuredmedia":[{"embeddable":true,"href":"https:\/\/site.ac-martinique.fr\/circonscription-trinite\/index.php?rest_route=\/wp\/v2\/media\/3545"}],"wp:attachment":[{"href":"https:\/\/site.ac-martinique.fr\/circonscription-trinite\/index.php?rest_route=%2Fwp%2Fv2%2Fmedia&parent=3540"}],"wp:term":[{"taxonomy":"category","embeddable":true,"href":"https:\/\/site.ac-martinique.fr\/circonscription-trinite\/index.php?rest_route=%2Fwp%2Fv2%2Fcategories&post=3540"},{"taxonomy":"post_tag","embeddable":true,"href":"https:\/\/site.ac-martinique.fr\/circonscription-trinite\/index.php?rest_route=%2Fwp%2Fv2%2Ftags&post=3540"}],"curies":[{"name":"wp","href":"https:\/\/api.w.org\/{rel}","templated":true}]}}