{"id":3555,"date":"2023-03-30T19:04:35","date_gmt":"2023-03-30T17:04:35","guid":{"rendered":"https:\/\/site.ac-martinique.fr\/circonscription-trinite\/?p=3555"},"modified":"2023-03-30T19:04:35","modified_gmt":"2023-03-30T17:04:35","slug":"sensibilisation-a-lhygiene-dentaire-a-edgard-labourg","status":"publish","type":"post","link":"https:\/\/site.ac-martinique.fr\/circonscription-trinite\/?p=3555","title":{"rendered":"Sensibilisation \u00e0 l&#8217;hygi\u00e8ne dentaire \u00e0 Edgard Labourg"},"content":{"rendered":"\n<div class=\"wp-block-columns is-layout-flex wp-container-core-columns-is-layout-d0b3c9c8 wp-block-columns-is-layout-flex\">\n<div class=\"wp-block-column is-vertically-aligned-center is-layout-flow wp-block-column-is-layout-flow\">\n<p class=\"has-h-3-font-size\">Retour en image de la journ\u00e9e de sensibilisation \u00e0 l&#8217;hygi\u00e8ne dentaire en direction des \u00e9l\u00e8ves de CP jusqu&#8217;au CM2 !<\/p>\n<\/div>\n\n\n\n<div class=\"wp-block-column is-layout-flow wp-block-column-is-layout-flow\">\n<figure class=\"wp-block-image size-full is-style-tw-rounded-corners\"><img loading=\"lazy\" decoding=\"async\" width=\"768\" height=\"1024\" src=\"https:\/\/site.ac-martinique.fr\/circonscription-trinite\/wp-content\/uploads\/sites\/87\/2023\/03\/WhatsApp-Image-2023-03-30-a-12.57.18.jpg\" alt=\"\" class=\"wp-image-3557\" srcset=\"https:\/\/site.ac-martinique.fr\/circonscription-trinite\/wp-content\/uploads\/sites\/87\/2023\/03\/WhatsApp-Image-2023-03-30-a-12.57.18.jpg 768w, https:\/\/site.ac-martinique.fr\/circonscription-trinite\/wp-content\/uploads\/sites\/87\/2023\/03\/WhatsApp-Image-2023-03-30-a-12.57.18-225x300.jpg 225w\" sizes=\"auto, (max-width: 768px) 100vw, 768px\" \/><\/figure>\n<\/div>\n<\/div>\n","protected":false},"excerpt":{"rendered":"<p>Retour en image de la journ\u00e9e de sensibilisation \u00e0 l&#8217;hygi\u00e8ne dentaire en direction des \u00e9l\u00e8ves de CP jusqu&#8217;au CM2 !<\/p>\n","protected":false},"author":272,"featured_media":3556,"comment_status":"closed","ping_status":"","sticky":false,"template":"","format":"standard","meta":{"footnotes":"","_links_to":"","_links_to_target":""},"categories":[7],"tags":[],"class_list":["post-3555","post","type-post","status-publish","format-standard","has-post-thumbnail","hentry","category-productiondesecoles","entry"],"amp_enabled":true,"_links":{"self":[{"href":"https:\/\/site.ac-martinique.fr\/circonscription-trinite\/index.php?rest_route=\/wp\/v2\/posts\/3555","targetHints":{"allow":["GET"]}}],"collection":[{"href":"https:\/\/site.ac-martinique.fr\/circonscription-trinite\/index.php?rest_route=\/wp\/v2\/posts"}],"about":[{"href":"https:\/\/site.ac-martinique.fr\/circonscription-trinite\/index.php?rest_route=\/wp\/v2\/types\/post"}],"author":[{"embeddable":true,"href":"https:\/\/site.ac-martinique.fr\/circonscription-trinite\/index.php?rest_route=\/wp\/v2\/users\/272"}],"replies":[{"embeddable":true,"href":"https:\/\/site.ac-martinique.fr\/circonscription-trinite\/index.php?rest_route=%2Fwp%2Fv2%2Fcomments&post=3555"}],"version-history":[{"count":1,"href":"https:\/\/site.ac-martinique.fr\/circonscription-trinite\/index.php?rest_route=\/wp\/v2\/posts\/3555\/revisions"}],"predecessor-version":[{"id":3558,"href":"https:\/\/site.ac-martinique.fr\/circonscription-trinite\/index.php?rest_route=\/wp\/v2\/posts\/3555\/revisions\/3558"}],"wp:featuredmedia":[{"embeddable":true,"href":"https:\/\/site.ac-martinique.fr\/circonscription-trinite\/index.php?rest_route=\/wp\/v2\/media\/3556"}],"wp:attachment":[{"href":"https:\/\/site.ac-martinique.fr\/circonscription-trinite\/index.php?rest_route=%2Fwp%2Fv2%2Fmedia&parent=3555"}],"wp:term":[{"taxonomy":"category","embeddable":true,"href":"https:\/\/site.ac-martinique.fr\/circonscription-trinite\/index.php?rest_route=%2Fwp%2Fv2%2Fcategories&post=3555"},{"taxonomy":"post_tag","embeddable":true,"href":"https:\/\/site.ac-martinique.fr\/circonscription-trinite\/index.php?rest_route=%2Fwp%2Fv2%2Ftags&post=3555"}],"curies":[{"name":"wp","href":"https:\/\/api.w.org\/{rel}","templated":true}]}}