{"id":3566,"date":"2023-03-30T23:07:38","date_gmt":"2023-03-30T21:07:38","guid":{"rendered":"https:\/\/site.ac-martinique.fr\/circonscription-trinite\/?p=3566"},"modified":"2023-03-30T23:07:38","modified_gmt":"2023-03-30T21:07:38","slug":"grande-lessive-a-edgard-labourg","status":"publish","type":"post","link":"https:\/\/site.ac-martinique.fr\/circonscription-trinite\/?p=3566","title":{"rendered":"Grande lessive \u00e0 Edgard LABOURG"},"content":{"rendered":"\n<p class=\"has-h-3-font-size\">La Grande Lessive a eu lieu le 23 mars partout dans le monde et plus particuli\u00e8rement \u00e0 l&#8217;\u00e9cole Edgard LABOURG. Cette ann\u00e9e, le th\u00e8me retenu a \u00e9t\u00e9  &#8220;ma cabane est la\u00a0tienne&#8221;.<\/p>\n\n\n\n<figure class=\"wp-block-gallery has-nested-images columns-default is-cropped is-style-tw-img-rounded wp-block-gallery-1 is-layout-flex wp-block-gallery-is-layout-flex\">\n<figure class=\"wp-block-image size-large is-style-tw-rounded-corners\"><img loading=\"lazy\" decoding=\"async\" width=\"576\" height=\"1024\" data-id=\"3569\" src=\"https:\/\/site.ac-martinique.fr\/circonscription-trinite\/wp-content\/uploads\/sites\/87\/2023\/03\/WhatsApp-Image-2023-03-30-a-17.01.2-576x1024.jpg\" alt=\"\" class=\"wp-image-3569\" srcset=\"https:\/\/site.ac-martinique.fr\/circonscription-trinite\/wp-content\/uploads\/sites\/87\/2023\/03\/WhatsApp-Image-2023-03-30-a-17.01.2-576x1024.jpg 576w, https:\/\/site.ac-martinique.fr\/circonscription-trinite\/wp-content\/uploads\/sites\/87\/2023\/03\/WhatsApp-Image-2023-03-30-a-17.01.2-169x300.jpg 169w, https:\/\/site.ac-martinique.fr\/circonscription-trinite\/wp-content\/uploads\/sites\/87\/2023\/03\/WhatsApp-Image-2023-03-30-a-17.01.2-768x1366.jpg 768w, https:\/\/site.ac-martinique.fr\/circonscription-trinite\/wp-content\/uploads\/sites\/87\/2023\/03\/WhatsApp-Image-2023-03-30-a-17.01.2-864x1536.jpg 864w, https:\/\/site.ac-martinique.fr\/circonscription-trinite\/wp-content\/uploads\/sites\/87\/2023\/03\/WhatsApp-Image-2023-03-30-a-17.01.2.jpg 899w\" sizes=\"auto, (max-width: 576px) 100vw, 576px\" \/><\/figure>\n\n\n\n<figure class=\"wp-block-image size-large is-style-tw-rounded-corners\"><img loading=\"lazy\" decoding=\"async\" width=\"576\" height=\"1024\" data-id=\"3568\" src=\"https:\/\/site.ac-martinique.fr\/circonscription-trinite\/wp-content\/uploads\/sites\/87\/2023\/03\/WhatsApp-Image-2023-03-30-a-17.01.23-576x1024.jpg\" alt=\"\" class=\"wp-image-3568\" srcset=\"https:\/\/site.ac-martinique.fr\/circonscription-trinite\/wp-content\/uploads\/sites\/87\/2023\/03\/WhatsApp-Image-2023-03-30-a-17.01.23-576x1024.jpg 576w, https:\/\/site.ac-martinique.fr\/circonscription-trinite\/wp-content\/uploads\/sites\/87\/2023\/03\/WhatsApp-Image-2023-03-30-a-17.01.23-169x300.jpg 169w, https:\/\/site.ac-martinique.fr\/circonscription-trinite\/wp-content\/uploads\/sites\/87\/2023\/03\/WhatsApp-Image-2023-03-30-a-17.01.23-768x1366.jpg 768w, https:\/\/site.ac-martinique.fr\/circonscription-trinite\/wp-content\/uploads\/sites\/87\/2023\/03\/WhatsApp-Image-2023-03-30-a-17.01.23-864x1536.jpg 864w, https:\/\/site.ac-martinique.fr\/circonscription-trinite\/wp-content\/uploads\/sites\/87\/2023\/03\/WhatsApp-Image-2023-03-30-a-17.01.23.jpg 899w\" sizes=\"auto, (max-width: 576px) 100vw, 576px\" \/><\/figure>\n<\/figure>\n","protected":false},"excerpt":{"rendered":"<p>La Grande Lessive a eu lieu le 23 mars partout dans le monde et plus particuli\u00e8rement \u00e0 l&#8217;\u00e9cole Edgard LABOURG. Cette ann\u00e9e, le th\u00e8me retenu a \u00e9t\u00e9 &#8220;ma cabane est&hellip; <a class=\"more-link\" href=\"https:\/\/site.ac-martinique.fr\/circonscription-trinite\/?p=3566\">Poursuivre la lecture <span class=\"screen-reader-text\">Grande lessive \u00e0 Edgard LABOURG<\/span><\/a><\/p>\n","protected":false},"author":272,"featured_media":3567,"comment_status":"closed","ping_status":"","sticky":false,"template":"","format":"standard","meta":{"footnotes":"","_links_to":"","_links_to_target":""},"categories":[7],"tags":[],"class_list":["post-3566","post","type-post","status-publish","format-standard","has-post-thumbnail","hentry","category-productiondesecoles","entry"],"amp_enabled":true,"_links":{"self":[{"href":"https:\/\/site.ac-martinique.fr\/circonscription-trinite\/index.php?rest_route=\/wp\/v2\/posts\/3566","targetHints":{"allow":["GET"]}}],"collection":[{"href":"https:\/\/site.ac-martinique.fr\/circonscription-trinite\/index.php?rest_route=\/wp\/v2\/posts"}],"about":[{"href":"https:\/\/site.ac-martinique.fr\/circonscription-trinite\/index.php?rest_route=\/wp\/v2\/types\/post"}],"author":[{"embeddable":true,"href":"https:\/\/site.ac-martinique.fr\/circonscription-trinite\/index.php?rest_route=\/wp\/v2\/users\/272"}],"replies":[{"embeddable":true,"href":"https:\/\/site.ac-martinique.fr\/circonscription-trinite\/index.php?rest_route=%2Fwp%2Fv2%2Fcomments&post=3566"}],"version-history":[{"count":1,"href":"https:\/\/site.ac-martinique.fr\/circonscription-trinite\/index.php?rest_route=\/wp\/v2\/posts\/3566\/revisions"}],"predecessor-version":[{"id":3570,"href":"https:\/\/site.ac-martinique.fr\/circonscription-trinite\/index.php?rest_route=\/wp\/v2\/posts\/3566\/revisions\/3570"}],"wp:featuredmedia":[{"embeddable":true,"href":"https:\/\/site.ac-martinique.fr\/circonscription-trinite\/index.php?rest_route=\/wp\/v2\/media\/3567"}],"wp:attachment":[{"href":"https:\/\/site.ac-martinique.fr\/circonscription-trinite\/index.php?rest_route=%2Fwp%2Fv2%2Fmedia&parent=3566"}],"wp:term":[{"taxonomy":"category","embeddable":true,"href":"https:\/\/site.ac-martinique.fr\/circonscription-trinite\/index.php?rest_route=%2Fwp%2Fv2%2Fcategories&post=3566"},{"taxonomy":"post_tag","embeddable":true,"href":"https:\/\/site.ac-martinique.fr\/circonscription-trinite\/index.php?rest_route=%2Fwp%2Fv2%2Ftags&post=3566"}],"curies":[{"name":"wp","href":"https:\/\/api.w.org\/{rel}","templated":true}]}}