{"id":3871,"date":"2023-05-26T20:53:31","date_gmt":"2023-05-26T18:53:31","guid":{"rendered":"https:\/\/site.ac-martinique.fr\/circonscription-trinite\/?p=3871"},"modified":"2023-05-26T20:53:31","modified_gmt":"2023-05-26T18:53:31","slug":"balade-contee-a-occuline-amazan","status":"publish","type":"post","link":"https:\/\/site.ac-martinique.fr\/circonscription-trinite\/?p=3871","title":{"rendered":"Balade cont\u00e9e \u00e0 Occuline Amazan"},"content":{"rendered":"\n<p class=\"has-h-3-font-size\">Faire rimer lecture et nature &#8211; Balade cont\u00e9e du 5-5-23 des CP &amp; CE1 de l\u2019\u00e9cole OCCULINE Amazan, \u00e0 la for\u00eat Vatable aux Trois Ilets, action de mise en valeur du programme acad\u00e9mique \u00ab\u00a0\u00c0 ma voix seule et sans limite\u00a0: \u00e9coute-moi lire.\u00a0\u00bb, en pr\u00e9sence des conseillers p\u00e9dagogiques d\u00e9partementaux. <\/p>\n\n\n\n<figure class=\"wp-block-gallery has-nested-images columns-default is-cropped is-style-tw-img-rounded wp-block-gallery-1 is-layout-flex wp-block-gallery-is-layout-flex\">\n<figure class=\"wp-block-image size-large is-style-tw-rounded-corners\"><img loading=\"lazy\" decoding=\"async\" width=\"768\" height=\"1024\" data-id=\"3874\" src=\"https:\/\/site.ac-martinique.fr\/circonscription-trinite\/wp-content\/uploads\/sites\/87\/2023\/05\/IMG-20230525-WA0008.jpg\" alt=\"\" class=\"wp-image-3874\" srcset=\"https:\/\/site.ac-martinique.fr\/circonscription-trinite\/wp-content\/uploads\/sites\/87\/2023\/05\/IMG-20230525-WA0008.jpg 768w, https:\/\/site.ac-martinique.fr\/circonscription-trinite\/wp-content\/uploads\/sites\/87\/2023\/05\/IMG-20230525-WA0008-225x300.jpg 225w\" sizes=\"auto, (max-width: 768px) 100vw, 768px\" \/><\/figure>\n\n\n\n<figure class=\"wp-block-image size-large is-style-tw-rounded-corners\"><img loading=\"lazy\" decoding=\"async\" width=\"768\" height=\"1024\" data-id=\"3873\" src=\"https:\/\/site.ac-martinique.fr\/circonscription-trinite\/wp-content\/uploads\/sites\/87\/2023\/05\/IMG-20230525-WA0009.jpg\" alt=\"\" class=\"wp-image-3873\" srcset=\"https:\/\/site.ac-martinique.fr\/circonscription-trinite\/wp-content\/uploads\/sites\/87\/2023\/05\/IMG-20230525-WA0009.jpg 768w, https:\/\/site.ac-martinique.fr\/circonscription-trinite\/wp-content\/uploads\/sites\/87\/2023\/05\/IMG-20230525-WA0009-225x300.jpg 225w\" sizes=\"auto, (max-width: 768px) 100vw, 768px\" \/><\/figure>\n<\/figure>\n\n\n\n<div class=\"wp-block-columns is-layout-flex wp-container-core-columns-is-layout-d0b3c9c8 wp-block-columns-is-layout-flex\">\n<div class=\"wp-block-column is-vertically-aligned-center is-layout-flow wp-block-column-is-layout-flow\" style=\"--col-width:66.66%;flex-basis:66.66%\">\n<figure class=\"wp-block-image size-full is-style-tw-rounded-corners\"><img loading=\"lazy\" decoding=\"async\" width=\"768\" height=\"1024\" src=\"https:\/\/site.ac-martinique.fr\/circonscription-trinite\/wp-content\/uploads\/sites\/87\/2023\/05\/IMG-20230525-WA0010.jpg\" alt=\"\" class=\"wp-image-3875\" srcset=\"https:\/\/site.ac-martinique.fr\/circonscription-trinite\/wp-content\/uploads\/sites\/87\/2023\/05\/IMG-20230525-WA0010.jpg 768w, https:\/\/site.ac-martinique.fr\/circonscription-trinite\/wp-content\/uploads\/sites\/87\/2023\/05\/IMG-20230525-WA0010-225x300.jpg 225w\" sizes=\"auto, (max-width: 768px) 100vw, 768px\" \/><\/figure>\n<\/div>\n\n\n\n<div class=\"wp-block-column is-vertically-aligned-center is-layout-flow wp-block-column-is-layout-flow\" style=\"--col-width:33.33%;flex-basis:33.33%\">\n<p class=\"has-h-3-font-size\">Les \u00e9l\u00e8ves du CP-CE1 A ont lu le roman \u00ab\u00a0Juste en fermant les yeux\u00a0\u00bb de Charlotte MOUNDLIC \u00e0 leurs camarades, tr\u00e8s attentifs, du CP et du CP-CE1B, au fil de la balade sous-bois\u00a0et\u00a0face\u00a0mer.<\/p>\n<\/div>\n<\/div>\n","protected":false},"excerpt":{"rendered":"<p>Faire rimer lecture et nature &#8211; Balade cont\u00e9e du 5-5-23 des CP &amp; CE1 de l\u2019\u00e9cole OCCULINE Amazan, \u00e0 la for\u00eat Vatable aux Trois Ilets, action de mise en valeur&hellip; <a class=\"more-link\" href=\"https:\/\/site.ac-martinique.fr\/circonscription-trinite\/?p=3871\">Poursuivre la lecture <span class=\"screen-reader-text\">Balade cont\u00e9e \u00e0 Occuline Amazan<\/span><\/a><\/p>\n","protected":false},"author":272,"featured_media":3872,"comment_status":"closed","ping_status":"","sticky":false,"template":"","format":"standard","meta":{"footnotes":"","_links_to":"","_links_to_target":""},"categories":[7],"tags":[],"class_list":["post-3871","post","type-post","status-publish","format-standard","has-post-thumbnail","hentry","category-productiondesecoles","entry"],"amp_enabled":true,"_links":{"self":[{"href":"https:\/\/site.ac-martinique.fr\/circonscription-trinite\/index.php?rest_route=\/wp\/v2\/posts\/3871","targetHints":{"allow":["GET"]}}],"collection":[{"href":"https:\/\/site.ac-martinique.fr\/circonscription-trinite\/index.php?rest_route=\/wp\/v2\/posts"}],"about":[{"href":"https:\/\/site.ac-martinique.fr\/circonscription-trinite\/index.php?rest_route=\/wp\/v2\/types\/post"}],"author":[{"embeddable":true,"href":"https:\/\/site.ac-martinique.fr\/circonscription-trinite\/index.php?rest_route=\/wp\/v2\/users\/272"}],"replies":[{"embeddable":true,"href":"https:\/\/site.ac-martinique.fr\/circonscription-trinite\/index.php?rest_route=%2Fwp%2Fv2%2Fcomments&post=3871"}],"version-history":[{"count":1,"href":"https:\/\/site.ac-martinique.fr\/circonscription-trinite\/index.php?rest_route=\/wp\/v2\/posts\/3871\/revisions"}],"predecessor-version":[{"id":3876,"href":"https:\/\/site.ac-martinique.fr\/circonscription-trinite\/index.php?rest_route=\/wp\/v2\/posts\/3871\/revisions\/3876"}],"wp:featuredmedia":[{"embeddable":true,"href":"https:\/\/site.ac-martinique.fr\/circonscription-trinite\/index.php?rest_route=\/wp\/v2\/media\/3872"}],"wp:attachment":[{"href":"https:\/\/site.ac-martinique.fr\/circonscription-trinite\/index.php?rest_route=%2Fwp%2Fv2%2Fmedia&parent=3871"}],"wp:term":[{"taxonomy":"category","embeddable":true,"href":"https:\/\/site.ac-martinique.fr\/circonscription-trinite\/index.php?rest_route=%2Fwp%2Fv2%2Fcategories&post=3871"},{"taxonomy":"post_tag","embeddable":true,"href":"https:\/\/site.ac-martinique.fr\/circonscription-trinite\/index.php?rest_route=%2Fwp%2Fv2%2Ftags&post=3871"}],"curies":[{"name":"wp","href":"https:\/\/api.w.org\/{rel}","templated":true}]}}