{"id":3941,"date":"2023-06-05T17:44:13","date_gmt":"2023-06-05T15:44:13","guid":{"rendered":"https:\/\/site.ac-martinique.fr\/circonscription-trinite\/?p=3941"},"modified":"2023-06-05T17:44:41","modified_gmt":"2023-06-05T15:44:41","slug":"avancees-du-defi-maternelle","status":"publish","type":"post","link":"https:\/\/site.ac-martinique.fr\/circonscription-trinite\/?p=3941","title":{"rendered":"Avanc\u00e9es du D\u00e9fi maternelle"},"content":{"rendered":"\n<p class=\"has-h-3-font-size\">Les exp\u00e9rimentations autour du d\u00e9fi maternelle avancent doucement, mais s\u00fbrement !<\/p>\n\n\n\n<div class=\"wp-block-columns is-layout-flex wp-container-core-columns-is-layout-d0b3c9c8 wp-block-columns-is-layout-flex\">\n<div class=\"wp-block-column is-layout-flow wp-block-column-is-layout-flow\">\n<p class=\"has-h-3-font-size\">Retour d&#8217;exp\u00e9rience et ressenti d\u2019une enseignante de GS :<\/p>\n\n\n\n<blockquote class=\"wp-block-quote has-large-font-size is-layout-flow wp-block-quote-is-layout-flow\" style=\"font-style:italic;font-weight:500\">\n<p>Mes \u00e9l\u00e8ves sont grands, ils s&#8217;obstinent \u00e0 vouloir compter\u2026. \u00c0 un moment, ils ont eu l&#8217;id\u00e9e d&#8217;utiliser des petits papiers sur les escargots puis ils ont voulu compter les petits papiers en les classant du plus petit au plus grand, on n\u2019est pas rendu\u2026.<\/p>\n<\/blockquote>\n<\/div>\n\n\n\n<div class=\"wp-block-column is-vertically-aligned-center is-layout-flow wp-block-column-is-layout-flow\">\n<figure class=\"wp-block-image size-full is-style-tw-rounded-corners\"><img loading=\"lazy\" decoding=\"async\" width=\"429\" height=\"385\" src=\"https:\/\/site.ac-martinique.fr\/circonscription-trinite\/wp-content\/uploads\/sites\/87\/2023\/06\/13EC3-64776A80-331-23B301C0.png\" alt=\"\" class=\"wp-image-3942\" srcset=\"https:\/\/site.ac-martinique.fr\/circonscription-trinite\/wp-content\/uploads\/sites\/87\/2023\/06\/13EC3-64776A80-331-23B301C0.png 429w, https:\/\/site.ac-martinique.fr\/circonscription-trinite\/wp-content\/uploads\/sites\/87\/2023\/06\/13EC3-64776A80-331-23B301C0-300x269.png 300w\" sizes=\"auto, (max-width: 429px) 100vw, 429px\" \/><\/figure>\n<\/div>\n<\/div>\n","protected":false},"excerpt":{"rendered":"<p>Les exp\u00e9rimentations autour du d\u00e9fi maternelle avancent doucement, mais s\u00fbrement ! Retour d&#8217;exp\u00e9rience et ressenti d\u2019une enseignante de GS : Mes \u00e9l\u00e8ves sont grands, ils s&#8217;obstinent \u00e0 vouloir compter\u2026. \u00c0&hellip; <a class=\"more-link\" href=\"https:\/\/site.ac-martinique.fr\/circonscription-trinite\/?p=3941\">Poursuivre la lecture <span class=\"screen-reader-text\">Avanc\u00e9es du D\u00e9fi maternelle<\/span><\/a><\/p>\n","protected":false},"author":272,"featured_media":3943,"comment_status":"closed","ping_status":"closed","sticky":false,"template":"","format":"standard","meta":{"footnotes":"","_links_to":"","_links_to_target":""},"categories":[249],"tags":[],"class_list":["post-3941","post","type-post","status-publish","format-standard","has-post-thumbnail","hentry","category-polematernelle_actus","entry"],"amp_enabled":true,"_links":{"self":[{"href":"https:\/\/site.ac-martinique.fr\/circonscription-trinite\/index.php?rest_route=\/wp\/v2\/posts\/3941","targetHints":{"allow":["GET"]}}],"collection":[{"href":"https:\/\/site.ac-martinique.fr\/circonscription-trinite\/index.php?rest_route=\/wp\/v2\/posts"}],"about":[{"href":"https:\/\/site.ac-martinique.fr\/circonscription-trinite\/index.php?rest_route=\/wp\/v2\/types\/post"}],"author":[{"embeddable":true,"href":"https:\/\/site.ac-martinique.fr\/circonscription-trinite\/index.php?rest_route=\/wp\/v2\/users\/272"}],"replies":[{"embeddable":true,"href":"https:\/\/site.ac-martinique.fr\/circonscription-trinite\/index.php?rest_route=%2Fwp%2Fv2%2Fcomments&post=3941"}],"version-history":[{"count":1,"href":"https:\/\/site.ac-martinique.fr\/circonscription-trinite\/index.php?rest_route=\/wp\/v2\/posts\/3941\/revisions"}],"predecessor-version":[{"id":3946,"href":"https:\/\/site.ac-martinique.fr\/circonscription-trinite\/index.php?rest_route=\/wp\/v2\/posts\/3941\/revisions\/3946"}],"wp:featuredmedia":[{"embeddable":true,"href":"https:\/\/site.ac-martinique.fr\/circonscription-trinite\/index.php?rest_route=\/wp\/v2\/media\/3943"}],"wp:attachment":[{"href":"https:\/\/site.ac-martinique.fr\/circonscription-trinite\/index.php?rest_route=%2Fwp%2Fv2%2Fmedia&parent=3941"}],"wp:term":[{"taxonomy":"category","embeddable":true,"href":"https:\/\/site.ac-martinique.fr\/circonscription-trinite\/index.php?rest_route=%2Fwp%2Fv2%2Fcategories&post=3941"},{"taxonomy":"post_tag","embeddable":true,"href":"https:\/\/site.ac-martinique.fr\/circonscription-trinite\/index.php?rest_route=%2Fwp%2Fv2%2Ftags&post=3941"}],"curies":[{"name":"wp","href":"https:\/\/api.w.org\/{rel}","templated":true}]}}