{"id":4422,"date":"2023-09-11T23:57:08","date_gmt":"2023-09-11T21:57:08","guid":{"rendered":"https:\/\/site.ac-martinique.fr\/circonscription-trinite\/?p=4422"},"modified":"2023-09-11T23:57:08","modified_gmt":"2023-09-11T21:57:08","slug":"reunion-n1-directeurs-rased","status":"publish","type":"post","link":"https:\/\/site.ac-martinique.fr\/circonscription-trinite\/?p=4422","title":{"rendered":"REUNION N\u00b01 &#8211; Directeurs RASED"},"content":{"rendered":"\n<p class=\"has-text-align-center has-large-font-size\"><em>Vous pourrez t\u00e9l\u00e9charger tous les documents pr\u00e9sent\u00e9s <\/em><br><em>lors de la r\u00e9union de rentr\u00e9e des Directeurs Rased datant du 6 septembre.<\/em><\/p>\n\n\n\n<div data-wp-interactive=\"core\/file\" class=\"wp-block-file\"><object data-wp-bind--hidden=\"!state.hasPdfPreview\" hidden class=\"wp-block-file__embed\" data=\"https:\/\/site.ac-martinique.fr\/circonscription-trinite\/wp-content\/uploads\/sites\/87\/2023\/09\/REUNION-DIRECTEURS-RASED-N\u00b01-ENVOI_compressed.pdf\" type=\"application\/pdf\" style=\"width:100%;height:600px\" aria-label=\"Contenu embarqu\u00e9 REUNION-DIRECTEURS-RASED-N\u00b01-ENVOI_compressed.\"><\/object><a id=\"wp-block-file--media-041ff6eb-1227-4998-9561-a15cd30f8438\" href=\"https:\/\/site.ac-martinique.fr\/circonscription-trinite\/wp-content\/uploads\/sites\/87\/2023\/09\/REUNION-DIRECTEURS-RASED-N\u00b01-ENVOI_compressed.pdf\">REUNION-DIRECTEURS-RASED-N\u00b01-ENVOI_compressed<\/a><a href=\"https:\/\/site.ac-martinique.fr\/circonscription-trinite\/wp-content\/uploads\/sites\/87\/2023\/09\/REUNION-DIRECTEURS-RASED-N\u00b01-ENVOI_compressed.pdf\" class=\"wp-block-file__button wp-element-button\" download aria-describedby=\"wp-block-file--media-041ff6eb-1227-4998-9561-a15cd30f8438\">T\u00e9l\u00e9charger<\/a><\/div>\n\n\n\n<h2 class=\"wp-block-heading has-text-align-center\">POINT EPS<\/h2>\n\n\n\n<div class=\"wp-block-file\"><a id=\"wp-block-file--media-8aeddf95-0226-4ff1-add1-8d6f2f14cb39\" href=\"https:\/\/site.ac-martinique.fr\/circonscription-trinite\/wp-content\/uploads\/sites\/87\/2023\/09\/Reunion-Directeurs-RASED-du-6-septe-Point-EPS.pptx\">Reunion-Directeurs-RASED-du-6-septe-Point-EPS<\/a><a href=\"https:\/\/site.ac-martinique.fr\/circonscription-trinite\/wp-content\/uploads\/sites\/87\/2023\/09\/Reunion-Directeurs-RASED-du-6-septe-Point-EPS.pptx\" class=\"wp-block-file__button wp-element-button\" download aria-describedby=\"wp-block-file--media-8aeddf95-0226-4ff1-add1-8d6f2f14cb39\">T\u00e9l\u00e9charger<\/a><\/div>\n\n\n\n<h2 class=\"wp-block-heading has-text-align-center\">POINT PHARE<\/h2>\n\n\n\n<div data-wp-interactive=\"core\/file\" class=\"wp-block-file\"><object data-wp-bind--hidden=\"!state.hasPdfPreview\" hidden class=\"wp-block-file__embed\" data=\"https:\/\/site.ac-martinique.fr\/circonscription-trinite\/wp-content\/uploads\/sites\/87\/2023\/09\/Memento-circulaire-harcelement-aout-23_V2.pdf\" type=\"application\/pdf\" style=\"width:100%;height:600px\" aria-label=\"Contenu embarqu\u00e9 Memento-circulaire-harcelement-aout-23_V2.\"><\/object><a id=\"wp-block-file--media-6e5af2a6-544e-4469-bb8f-7dc4b9be460e\" href=\"https:\/\/site.ac-martinique.fr\/circonscription-trinite\/wp-content\/uploads\/sites\/87\/2023\/09\/Memento-circulaire-harcelement-aout-23_V2.pdf\">Memento-circulaire-harcelement-aout-23_V2<\/a><a href=\"https:\/\/site.ac-martinique.fr\/circonscription-trinite\/wp-content\/uploads\/sites\/87\/2023\/09\/Memento-circulaire-harcelement-aout-23_V2.pdf\" class=\"wp-block-file__button wp-element-button\" download aria-describedby=\"wp-block-file--media-6e5af2a6-544e-4469-bb8f-7dc4b9be460e\">T\u00e9l\u00e9charger<\/a><\/div>\n\n\n\n<div data-wp-interactive=\"core\/file\" class=\"wp-block-file\"><object data-wp-bind--hidden=\"!state.hasPdfPreview\" hidden class=\"wp-block-file__embed\" data=\"https:\/\/site.ac-martinique.fr\/circonscription-trinite\/wp-content\/uploads\/sites\/87\/2023\/09\/infographie-Phare-MAV.pdf\" type=\"application\/pdf\" style=\"width:100%;height:600px\" aria-label=\"Contenu embarqu\u00e9 infographie-Phare-MAV.\"><\/object><a id=\"wp-block-file--media-510815ac-c4ea-4079-95a9-d10052b2782d\" href=\"https:\/\/site.ac-martinique.fr\/circonscription-trinite\/wp-content\/uploads\/sites\/87\/2023\/09\/infographie-Phare-MAV.pdf\">infographie-Phare-MAV<\/a><a href=\"https:\/\/site.ac-martinique.fr\/circonscription-trinite\/wp-content\/uploads\/sites\/87\/2023\/09\/infographie-Phare-MAV.pdf\" class=\"wp-block-file__button wp-element-button\" download aria-describedby=\"wp-block-file--media-510815ac-c4ea-4079-95a9-d10052b2782d\">T\u00e9l\u00e9charger<\/a><\/div>\n","protected":false},"excerpt":{"rendered":"<p>Vous pourrez t\u00e9l\u00e9charger tous les documents pr\u00e9sent\u00e9s lors de la r\u00e9union de rentr\u00e9e des Directeurs Rased datant du 6 septembre. POINT EPS POINT PHARE<\/p>\n","protected":false},"author":272,"featured_media":4427,"comment_status":"closed","ping_status":"","sticky":false,"template":"","format":"standard","meta":{"footnotes":"","_links_to":"","_links_to_target":""},"categories":[4,3],"tags":[],"class_list":["post-4422","post","type-post","status-publish","format-standard","has-post-thumbnail","hentry","category-aidesauxeleves","category-directeurs","entry"],"amp_enabled":true,"_links":{"self":[{"href":"https:\/\/site.ac-martinique.fr\/circonscription-trinite\/index.php?rest_route=\/wp\/v2\/posts\/4422","targetHints":{"allow":["GET"]}}],"collection":[{"href":"https:\/\/site.ac-martinique.fr\/circonscription-trinite\/index.php?rest_route=\/wp\/v2\/posts"}],"about":[{"href":"https:\/\/site.ac-martinique.fr\/circonscription-trinite\/index.php?rest_route=\/wp\/v2\/types\/post"}],"author":[{"embeddable":true,"href":"https:\/\/site.ac-martinique.fr\/circonscription-trinite\/index.php?rest_route=\/wp\/v2\/users\/272"}],"replies":[{"embeddable":true,"href":"https:\/\/site.ac-martinique.fr\/circonscription-trinite\/index.php?rest_route=%2Fwp%2Fv2%2Fcomments&post=4422"}],"version-history":[{"count":1,"href":"https:\/\/site.ac-martinique.fr\/circonscription-trinite\/index.php?rest_route=\/wp\/v2\/posts\/4422\/revisions"}],"predecessor-version":[{"id":4428,"href":"https:\/\/site.ac-martinique.fr\/circonscription-trinite\/index.php?rest_route=\/wp\/v2\/posts\/4422\/revisions\/4428"}],"wp:featuredmedia":[{"embeddable":true,"href":"https:\/\/site.ac-martinique.fr\/circonscription-trinite\/index.php?rest_route=\/wp\/v2\/media\/4427"}],"wp:attachment":[{"href":"https:\/\/site.ac-martinique.fr\/circonscription-trinite\/index.php?rest_route=%2Fwp%2Fv2%2Fmedia&parent=4422"}],"wp:term":[{"taxonomy":"category","embeddable":true,"href":"https:\/\/site.ac-martinique.fr\/circonscription-trinite\/index.php?rest_route=%2Fwp%2Fv2%2Fcategories&post=4422"},{"taxonomy":"post_tag","embeddable":true,"href":"https:\/\/site.ac-martinique.fr\/circonscription-trinite\/index.php?rest_route=%2Fwp%2Fv2%2Ftags&post=4422"}],"curies":[{"name":"wp","href":"https:\/\/api.w.org\/{rel}","templated":true}]}}