{"id":4608,"date":"2023-11-13T18:25:44","date_gmt":"2023-11-13T17:25:44","guid":{"rendered":"https:\/\/site.ac-martinique.fr\/circonscription-trinite\/?p=4608"},"modified":"2023-11-13T18:25:44","modified_gmt":"2023-11-13T17:25:44","slug":"journee-contre-le-harcelement-a-couronne-lourel","status":"publish","type":"post","link":"https:\/\/site.ac-martinique.fr\/circonscription-trinite\/?p=4608","title":{"rendered":"Journ\u00e9e contre le Harc\u00e8lement \u00e0 COURONN\u00c9 LOUREL"},"content":{"rendered":"\n<p class=\"has-text-align-center has-h-3-font-size\"><em>Chant pour s&#8217;opposer au harc\u00e8lement devant une banderole r\u00e9alis\u00e9e par les \u00e9l\u00e8ves, petits et grands, de\u00a0l&#8217;interclasse.<\/em><\/p>\n\n\n\n<figure class=\"wp-block-video\"><video height=\"480\" style=\"aspect-ratio: 848 \/ 480;\" width=\"848\" controls src=\"https:\/\/site.ac-martinique.fr\/circonscription-trinite\/wp-content\/uploads\/sites\/87\/2023\/11\/WhatsApp-Video-2023-11-11-a-08.40.18_2226ccef.mp4\"><\/video><\/figure>\n","protected":false},"excerpt":{"rendered":"<p>Chant pour s&#8217;opposer au harc\u00e8lement devant une banderole r\u00e9alis\u00e9e par les \u00e9l\u00e8ves, petits et grands, de\u00a0l&#8217;interclasse.<\/p>\n","protected":false},"author":272,"featured_media":4610,"comment_status":"closed","ping_status":"closed","sticky":false,"template":"","format":"standard","meta":{"footnotes":"","_links_to":"","_links_to_target":""},"categories":[7],"tags":[],"class_list":["post-4608","post","type-post","status-publish","format-standard","has-post-thumbnail","hentry","category-productiondesecoles","entry"],"amp_enabled":true,"_links":{"self":[{"href":"https:\/\/site.ac-martinique.fr\/circonscription-trinite\/index.php?rest_route=\/wp\/v2\/posts\/4608","targetHints":{"allow":["GET"]}}],"collection":[{"href":"https:\/\/site.ac-martinique.fr\/circonscription-trinite\/index.php?rest_route=\/wp\/v2\/posts"}],"about":[{"href":"https:\/\/site.ac-martinique.fr\/circonscription-trinite\/index.php?rest_route=\/wp\/v2\/types\/post"}],"author":[{"embeddable":true,"href":"https:\/\/site.ac-martinique.fr\/circonscription-trinite\/index.php?rest_route=\/wp\/v2\/users\/272"}],"replies":[{"embeddable":true,"href":"https:\/\/site.ac-martinique.fr\/circonscription-trinite\/index.php?rest_route=%2Fwp%2Fv2%2Fcomments&post=4608"}],"version-history":[{"count":1,"href":"https:\/\/site.ac-martinique.fr\/circonscription-trinite\/index.php?rest_route=\/wp\/v2\/posts\/4608\/revisions"}],"predecessor-version":[{"id":4611,"href":"https:\/\/site.ac-martinique.fr\/circonscription-trinite\/index.php?rest_route=\/wp\/v2\/posts\/4608\/revisions\/4611"}],"wp:featuredmedia":[{"embeddable":true,"href":"https:\/\/site.ac-martinique.fr\/circonscription-trinite\/index.php?rest_route=\/wp\/v2\/media\/4610"}],"wp:attachment":[{"href":"https:\/\/site.ac-martinique.fr\/circonscription-trinite\/index.php?rest_route=%2Fwp%2Fv2%2Fmedia&parent=4608"}],"wp:term":[{"taxonomy":"category","embeddable":true,"href":"https:\/\/site.ac-martinique.fr\/circonscription-trinite\/index.php?rest_route=%2Fwp%2Fv2%2Fcategories&post=4608"},{"taxonomy":"post_tag","embeddable":true,"href":"https:\/\/site.ac-martinique.fr\/circonscription-trinite\/index.php?rest_route=%2Fwp%2Fv2%2Ftags&post=4608"}],"curies":[{"name":"wp","href":"https:\/\/api.w.org\/{rel}","templated":true}]}}