{"id":4624,"date":"2023-11-14T14:46:43","date_gmt":"2023-11-14T13:46:43","guid":{"rendered":"https:\/\/site.ac-martinique.fr\/circonscription-trinite\/?p=4624"},"modified":"2023-11-21T14:46:52","modified_gmt":"2023-11-21T13:46:52","slug":"mobilisation-des-ecoles-pour-le-journee-nah","status":"publish","type":"post","link":"https:\/\/site.ac-martinique.fr\/circonscription-trinite\/?p=4624","title":{"rendered":"Mobilisation des \u00e9coles lors de la Journ\u00e9e NAH"},"content":{"rendered":"\n<p class=\"has-text-align-center has-h-3-font-size\">Le 9 novembre, ils ont dit non au Harc\u00e8lement&nbsp;!<\/p>\n\n\n\n<div class=\"wp-block-columns is-layout-flex wp-container-core-columns-is-layout-d0b3c9c8 wp-block-columns-is-layout-flex\">\n<div class=\"wp-block-column is-layout-flow wp-block-column-is-layout-flow\">\n<p class=\"has-text-align-center has-h-3-font-size\">\u00c0 l&#8217;\u00e9cole Hector Sainte-Rose<\/p>\n\n\n\n<figure class=\"wp-block-image size-large is-style-tw-rounded-corners\"><img loading=\"lazy\" decoding=\"async\" width=\"768\" height=\"1024\" src=\"https:\/\/site.ac-martinique.fr\/circonscription-trinite\/wp-content\/uploads\/sites\/87\/2023\/11\/WhatsApp-Image-2023-11-21-a-09.45.49_57cca50a-768x1024.jpg\" alt=\"\" class=\"wp-image-4671\" srcset=\"https:\/\/site.ac-martinique.fr\/circonscription-trinite\/wp-content\/uploads\/sites\/87\/2023\/11\/WhatsApp-Image-2023-11-21-a-09.45.49_57cca50a-768x1024.jpg 768w, https:\/\/site.ac-martinique.fr\/circonscription-trinite\/wp-content\/uploads\/sites\/87\/2023\/11\/WhatsApp-Image-2023-11-21-a-09.45.49_57cca50a-225x300.jpg 225w, https:\/\/site.ac-martinique.fr\/circonscription-trinite\/wp-content\/uploads\/sites\/87\/2023\/11\/WhatsApp-Image-2023-11-21-a-09.45.49_57cca50a-1152x1536.jpg 1152w, https:\/\/site.ac-martinique.fr\/circonscription-trinite\/wp-content\/uploads\/sites\/87\/2023\/11\/WhatsApp-Image-2023-11-21-a-09.45.49_57cca50a.jpg 1200w\" sizes=\"auto, (max-width: 768px) 100vw, 768px\" \/><\/figure>\n<\/div>\n\n\n\n<div class=\"wp-block-column is-layout-flow wp-block-column-is-layout-flow\">\n<p class=\"has-text-align-center has-h-3-font-size\">\u00c0 l&#8217;\u00e9cole Edouard De Lepine<\/p>\n\n\n\n<figure class=\"wp-block-image size-large is-style-tw-rounded-corners\"><img loading=\"lazy\" decoding=\"async\" width=\"768\" height=\"1024\" src=\"https:\/\/site.ac-martinique.fr\/circonscription-trinite\/wp-content\/uploads\/sites\/87\/2023\/11\/WhatsApp-Image-2023-11-14-a-12.43.46_d2a5a057-768x1024.jpg\" alt=\"\" class=\"wp-image-4630\" srcset=\"https:\/\/site.ac-martinique.fr\/circonscription-trinite\/wp-content\/uploads\/sites\/87\/2023\/11\/WhatsApp-Image-2023-11-14-a-12.43.46_d2a5a057-768x1024.jpg 768w, https:\/\/site.ac-martinique.fr\/circonscription-trinite\/wp-content\/uploads\/sites\/87\/2023\/11\/WhatsApp-Image-2023-11-14-a-12.43.46_d2a5a057-225x300.jpg 225w, https:\/\/site.ac-martinique.fr\/circonscription-trinite\/wp-content\/uploads\/sites\/87\/2023\/11\/WhatsApp-Image-2023-11-14-a-12.43.46_d2a5a057.jpg 966w\" sizes=\"auto, (max-width: 768px) 100vw, 768px\" \/><\/figure>\n<\/div>\n<\/div>\n\n\n\n<div class=\"wp-block-columns is-layout-flex wp-container-core-columns-is-layout-d0b3c9c8 wp-block-columns-is-layout-flex\">\n<div class=\"wp-block-column is-layout-flow wp-block-column-is-layout-flow\" style=\"--col-width:250px;flex-basis:250px\">\n<figure class=\"wp-block-image size-large is-style-tw-rounded-corners\"><img loading=\"lazy\" decoding=\"async\" width=\"842\" height=\"1024\" src=\"https:\/\/site.ac-martinique.fr\/circonscription-trinite\/wp-content\/uploads\/sites\/87\/2023\/11\/WhatsApp-Image-2023-11-14-a-12.46.07_b6e67fdb-842x1024.jpg\" alt=\"\" class=\"wp-image-4631\" srcset=\"https:\/\/site.ac-martinique.fr\/circonscription-trinite\/wp-content\/uploads\/sites\/87\/2023\/11\/WhatsApp-Image-2023-11-14-a-12.46.07_b6e67fdb-842x1024.jpg 842w, https:\/\/site.ac-martinique.fr\/circonscription-trinite\/wp-content\/uploads\/sites\/87\/2023\/11\/WhatsApp-Image-2023-11-14-a-12.46.07_b6e67fdb-247x300.jpg 247w, https:\/\/site.ac-martinique.fr\/circonscription-trinite\/wp-content\/uploads\/sites\/87\/2023\/11\/WhatsApp-Image-2023-11-14-a-12.46.07_b6e67fdb-768x934.jpg 768w, https:\/\/site.ac-martinique.fr\/circonscription-trinite\/wp-content\/uploads\/sites\/87\/2023\/11\/WhatsApp-Image-2023-11-14-a-12.46.07_b6e67fdb-1263x1536.jpg 1263w, https:\/\/site.ac-martinique.fr\/circonscription-trinite\/wp-content\/uploads\/sites\/87\/2023\/11\/WhatsApp-Image-2023-11-14-a-12.46.07_b6e67fdb.jpg 1316w\" sizes=\"auto, (max-width: 842px) 100vw, 842px\" \/><\/figure>\n<\/div>\n\n\n\n<div class=\"wp-block-column is-layout-flow wp-block-column-is-layout-flow\">\n<p class=\"has-h-3-font-size\">\u00c0 l&#8217;\u00e9cole Emile CAPGRAS<\/p>\n\n\n\n<figure class=\"wp-block-image size-large is-style-tw-rounded-corners\"><img loading=\"lazy\" decoding=\"async\" width=\"1024\" height=\"768\" src=\"https:\/\/site.ac-martinique.fr\/circonscription-trinite\/wp-content\/uploads\/sites\/87\/2023\/11\/WhatsApp-Image-2023-11-14-a-12.46.08_62df9eaa-1024x768.jpg\" alt=\"\" class=\"wp-image-4633\" srcset=\"https:\/\/site.ac-martinique.fr\/circonscription-trinite\/wp-content\/uploads\/sites\/87\/2023\/11\/WhatsApp-Image-2023-11-14-a-12.46.08_62df9eaa-1024x768.jpg 1024w, https:\/\/site.ac-martinique.fr\/circonscription-trinite\/wp-content\/uploads\/sites\/87\/2023\/11\/WhatsApp-Image-2023-11-14-a-12.46.08_62df9eaa-300x225.jpg 300w, https:\/\/site.ac-martinique.fr\/circonscription-trinite\/wp-content\/uploads\/sites\/87\/2023\/11\/WhatsApp-Image-2023-11-14-a-12.46.08_62df9eaa-768x576.jpg 768w, https:\/\/site.ac-martinique.fr\/circonscription-trinite\/wp-content\/uploads\/sites\/87\/2023\/11\/WhatsApp-Image-2023-11-14-a-12.46.08_62df9eaa.jpg 1280w\" sizes=\"auto, (max-width: 1024px) 100vw, 1024px\" \/><\/figure>\n<\/div>\n\n\n\n<div class=\"wp-block-column is-layout-flow wp-block-column-is-layout-flow\" style=\"--col-width:250px;flex-basis:250px\">\n<figure class=\"wp-block-image size-large is-style-tw-rounded-corners\"><img loading=\"lazy\" decoding=\"async\" width=\"801\" height=\"1024\" src=\"https:\/\/site.ac-martinique.fr\/circonscription-trinite\/wp-content\/uploads\/sites\/87\/2023\/11\/WhatsApp-Image-2023-11-14-a-12.46.08_ffc0b92b-801x1024.jpg\" alt=\"\" class=\"wp-image-4632\" srcset=\"https:\/\/site.ac-martinique.fr\/circonscription-trinite\/wp-content\/uploads\/sites\/87\/2023\/11\/WhatsApp-Image-2023-11-14-a-12.46.08_ffc0b92b-801x1024.jpg 801w, https:\/\/site.ac-martinique.fr\/circonscription-trinite\/wp-content\/uploads\/sites\/87\/2023\/11\/WhatsApp-Image-2023-11-14-a-12.46.08_ffc0b92b-235x300.jpg 235w, https:\/\/site.ac-martinique.fr\/circonscription-trinite\/wp-content\/uploads\/sites\/87\/2023\/11\/WhatsApp-Image-2023-11-14-a-12.46.08_ffc0b92b-768x982.jpg 768w, https:\/\/site.ac-martinique.fr\/circonscription-trinite\/wp-content\/uploads\/sites\/87\/2023\/11\/WhatsApp-Image-2023-11-14-a-12.46.08_ffc0b92b-1201x1536.jpg 1201w, https:\/\/site.ac-martinique.fr\/circonscription-trinite\/wp-content\/uploads\/sites\/87\/2023\/11\/WhatsApp-Image-2023-11-14-a-12.46.08_ffc0b92b.jpg 1251w\" sizes=\"auto, (max-width: 801px) 100vw, 801px\" \/><\/figure>\n<\/div>\n<\/div>\n\n\n\n<div class=\"wp-block-columns is-layout-flex wp-container-core-columns-is-layout-d0b3c9c8 wp-block-columns-is-layout-flex\">\n<div class=\"wp-block-column is-layout-flow wp-block-column-is-layout-flow\">\n<figure class=\"wp-block-image size-large is-resized is-style-tw-rounded-corners\"><img loading=\"lazy\" decoding=\"async\" width=\"768\" height=\"1024\" src=\"https:\/\/site.ac-martinique.fr\/circonscription-trinite\/wp-content\/uploads\/sites\/87\/2023\/11\/WhatsApp-Image-2023-11-14-a-12.46.58_39c69581-768x1024.jpg\" alt=\"\" class=\"wp-image-4634\" style=\"width:479px;height:auto\" srcset=\"https:\/\/site.ac-martinique.fr\/circonscription-trinite\/wp-content\/uploads\/sites\/87\/2023\/11\/WhatsApp-Image-2023-11-14-a-12.46.58_39c69581-768x1024.jpg 768w, https:\/\/site.ac-martinique.fr\/circonscription-trinite\/wp-content\/uploads\/sites\/87\/2023\/11\/WhatsApp-Image-2023-11-14-a-12.46.58_39c69581-225x300.jpg 225w, https:\/\/site.ac-martinique.fr\/circonscription-trinite\/wp-content\/uploads\/sites\/87\/2023\/11\/WhatsApp-Image-2023-11-14-a-12.46.58_39c69581-1152x1536.jpg 1152w, https:\/\/site.ac-martinique.fr\/circonscription-trinite\/wp-content\/uploads\/sites\/87\/2023\/11\/WhatsApp-Image-2023-11-14-a-12.46.58_39c69581.jpg 1200w\" sizes=\"auto, (max-width: 768px) 100vw, 768px\" \/><\/figure>\n<\/div>\n\n\n\n<div class=\"wp-block-column is-layout-flow wp-block-column-is-layout-flow\">\n<p class=\"has-h-3-font-size\">Et r\u00e9pondu au questionnaire national \u00e0 l&#8217;\u00e9cole Ultima&nbsp;Vestris<\/p>\n\n\n\n<figure class=\"wp-block-image size-large is-style-tw-rounded-corners\"><img loading=\"lazy\" decoding=\"async\" width=\"1024\" height=\"768\" src=\"https:\/\/site.ac-martinique.fr\/circonscription-trinite\/wp-content\/uploads\/sites\/87\/2023\/11\/WhatsApp-Image-2023-11-14-a-12.46.59_7063ceb4-1024x768.jpg\" alt=\"\" class=\"wp-image-4635\" srcset=\"https:\/\/site.ac-martinique.fr\/circonscription-trinite\/wp-content\/uploads\/sites\/87\/2023\/11\/WhatsApp-Image-2023-11-14-a-12.46.59_7063ceb4-1024x768.jpg 1024w, https:\/\/site.ac-martinique.fr\/circonscription-trinite\/wp-content\/uploads\/sites\/87\/2023\/11\/WhatsApp-Image-2023-11-14-a-12.46.59_7063ceb4-300x225.jpg 300w, https:\/\/site.ac-martinique.fr\/circonscription-trinite\/wp-content\/uploads\/sites\/87\/2023\/11\/WhatsApp-Image-2023-11-14-a-12.46.59_7063ceb4-768x576.jpg 768w, https:\/\/site.ac-martinique.fr\/circonscription-trinite\/wp-content\/uploads\/sites\/87\/2023\/11\/WhatsApp-Image-2023-11-14-a-12.46.59_7063ceb4-1536x1152.jpg 1536w, https:\/\/site.ac-martinique.fr\/circonscription-trinite\/wp-content\/uploads\/sites\/87\/2023\/11\/WhatsApp-Image-2023-11-14-a-12.46.59_7063ceb4-1568x1176.jpg 1568w, https:\/\/site.ac-martinique.fr\/circonscription-trinite\/wp-content\/uploads\/sites\/87\/2023\/11\/WhatsApp-Image-2023-11-14-a-12.46.59_7063ceb4.jpg 1600w\" sizes=\"auto, (max-width: 1024px) 100vw, 1024px\" \/><\/figure>\n<\/div>\n<\/div>\n","protected":false},"excerpt":{"rendered":"<p>Le 9 novembre, ils ont dit non au Harc\u00e8lement&nbsp;! \u00c0 l&#8217;\u00e9cole Hector Sainte-Rose \u00c0 l&#8217;\u00e9cole Edouard De Lepine \u00c0 l&#8217;\u00e9cole Emile CAPGRAS Et r\u00e9pondu au questionnaire national \u00e0 l&#8217;\u00e9cole Ultima&nbsp;Vestris<\/p>\n","protected":false},"author":272,"featured_media":4627,"comment_status":"closed","ping_status":"closed","sticky":false,"template":"","format":"standard","meta":{"footnotes":"","_links_to":"","_links_to_target":""},"categories":[152,7],"tags":[],"class_list":["post-4624","post","type-post","status-publish","format-standard","has-post-thumbnail","hentry","category-phare","category-productiondesecoles","entry"],"amp_enabled":true,"_links":{"self":[{"href":"https:\/\/site.ac-martinique.fr\/circonscription-trinite\/index.php?rest_route=\/wp\/v2\/posts\/4624","targetHints":{"allow":["GET"]}}],"collection":[{"href":"https:\/\/site.ac-martinique.fr\/circonscription-trinite\/index.php?rest_route=\/wp\/v2\/posts"}],"about":[{"href":"https:\/\/site.ac-martinique.fr\/circonscription-trinite\/index.php?rest_route=\/wp\/v2\/types\/post"}],"author":[{"embeddable":true,"href":"https:\/\/site.ac-martinique.fr\/circonscription-trinite\/index.php?rest_route=\/wp\/v2\/users\/272"}],"replies":[{"embeddable":true,"href":"https:\/\/site.ac-martinique.fr\/circonscription-trinite\/index.php?rest_route=%2Fwp%2Fv2%2Fcomments&post=4624"}],"version-history":[{"count":4,"href":"https:\/\/site.ac-martinique.fr\/circonscription-trinite\/index.php?rest_route=\/wp\/v2\/posts\/4624\/revisions"}],"predecessor-version":[{"id":4672,"href":"https:\/\/site.ac-martinique.fr\/circonscription-trinite\/index.php?rest_route=\/wp\/v2\/posts\/4624\/revisions\/4672"}],"wp:featuredmedia":[{"embeddable":true,"href":"https:\/\/site.ac-martinique.fr\/circonscription-trinite\/index.php?rest_route=\/wp\/v2\/media\/4627"}],"wp:attachment":[{"href":"https:\/\/site.ac-martinique.fr\/circonscription-trinite\/index.php?rest_route=%2Fwp%2Fv2%2Fmedia&parent=4624"}],"wp:term":[{"taxonomy":"category","embeddable":true,"href":"https:\/\/site.ac-martinique.fr\/circonscription-trinite\/index.php?rest_route=%2Fwp%2Fv2%2Fcategories&post=4624"},{"taxonomy":"post_tag","embeddable":true,"href":"https:\/\/site.ac-martinique.fr\/circonscription-trinite\/index.php?rest_route=%2Fwp%2Fv2%2Ftags&post=4624"}],"curies":[{"name":"wp","href":"https:\/\/api.w.org\/{rel}","templated":true}]}}