{"id":4907,"date":"2024-01-09T15:49:38","date_gmt":"2024-01-09T14:49:38","guid":{"rendered":"https:\/\/site.ac-martinique.fr\/circonscription-trinite\/?p=4907"},"modified":"2025-05-19T18:50:23","modified_gmt":"2025-05-19T16:50:23","slug":"festivites-a-occuline-amazan","status":"publish","type":"post","link":"https:\/\/site.ac-martinique.fr\/circonscription-trinite\/?p=4907","title":{"rendered":"Festivit\u00e9s \u00e0 Occuline Amazan"},"content":{"rendered":"\n<p class=\"has-h-3-font-size\">Un travail remarquable du personnel municipal autour des d\u00e9corations des f\u00eates de fin d&#8217;ann\u00e9e  l&#8217;\u00e9cole Occuline Amazan.<\/p>\n\n\n\n<figure class=\"wp-block-gallery has-nested-images columns-default is-cropped is-style-tw-img-rounded wp-block-gallery-1 is-layout-flex wp-block-gallery-is-layout-flex\">\n<figure class=\"wp-block-image size-large is-style-tw-rounded-corners\"><img loading=\"lazy\" decoding=\"async\" width=\"576\" height=\"1024\" data-id=\"4909\" src=\"https:\/\/site.ac-martinique.fr\/circonscription-trinite\/wp-content\/uploads\/sites\/87\/2024\/01\/Occ-AM-Deco-Noel-1-576x1024.jpg\" alt=\"\" class=\"wp-image-4909\" srcset=\"https:\/\/site.ac-martinique.fr\/circonscription-trinite\/wp-content\/uploads\/sites\/87\/2024\/01\/Occ-AM-Deco-Noel-1-576x1024.jpg 576w, https:\/\/site.ac-martinique.fr\/circonscription-trinite\/wp-content\/uploads\/sites\/87\/2024\/01\/Occ-AM-Deco-Noel-1-169x300.jpg 169w, https:\/\/site.ac-martinique.fr\/circonscription-trinite\/wp-content\/uploads\/sites\/87\/2024\/01\/Occ-AM-Deco-Noel-1-768x1365.jpg 768w, https:\/\/site.ac-martinique.fr\/circonscription-trinite\/wp-content\/uploads\/sites\/87\/2024\/01\/Occ-AM-Deco-Noel-1-864x1536.jpg 864w, https:\/\/site.ac-martinique.fr\/circonscription-trinite\/wp-content\/uploads\/sites\/87\/2024\/01\/Occ-AM-Deco-Noel-1.jpg 900w\" sizes=\"auto, (max-width: 576px) 100vw, 576px\" \/><\/figure>\n\n\n\n<figure class=\"wp-block-image size-large is-style-tw-rounded-corners\"><img loading=\"lazy\" decoding=\"async\" width=\"576\" height=\"1024\" data-id=\"4908\" src=\"https:\/\/site.ac-martinique.fr\/circonscription-trinite\/wp-content\/uploads\/sites\/87\/2024\/01\/Occ-AM-Deco-Noel-2-576x1024.jpg\" alt=\"\" class=\"wp-image-4908\" srcset=\"https:\/\/site.ac-martinique.fr\/circonscription-trinite\/wp-content\/uploads\/sites\/87\/2024\/01\/Occ-AM-Deco-Noel-2-576x1024.jpg 576w, https:\/\/site.ac-martinique.fr\/circonscription-trinite\/wp-content\/uploads\/sites\/87\/2024\/01\/Occ-AM-Deco-Noel-2-169x300.jpg 169w, https:\/\/site.ac-martinique.fr\/circonscription-trinite\/wp-content\/uploads\/sites\/87\/2024\/01\/Occ-AM-Deco-Noel-2-768x1365.jpg 768w, https:\/\/site.ac-martinique.fr\/circonscription-trinite\/wp-content\/uploads\/sites\/87\/2024\/01\/Occ-AM-Deco-Noel-2-864x1536.jpg 864w, https:\/\/site.ac-martinique.fr\/circonscription-trinite\/wp-content\/uploads\/sites\/87\/2024\/01\/Occ-AM-Deco-Noel-2.jpg 900w\" sizes=\"auto, (max-width: 576px) 100vw, 576px\" \/><\/figure>\n<\/figure>\n","protected":false},"excerpt":{"rendered":"<p>Un travail remarquable du personnel municipal autour des d\u00e9corations des f\u00eates de fin d&#8217;ann\u00e9e l&#8217;\u00e9cole Occuline Amazan.<\/p>\n","protected":false},"author":272,"featured_media":0,"comment_status":"closed","ping_status":"closed","sticky":false,"template":"","format":"standard","meta":{"footnotes":"","_links_to":"","_links_to_target":""},"categories":[7],"tags":[],"class_list":["post-4907","post","type-post","status-publish","format-standard","hentry","category-productiondesecoles","entry"],"amp_enabled":true,"_links":{"self":[{"href":"https:\/\/site.ac-martinique.fr\/circonscription-trinite\/index.php?rest_route=\/wp\/v2\/posts\/4907","targetHints":{"allow":["GET"]}}],"collection":[{"href":"https:\/\/site.ac-martinique.fr\/circonscription-trinite\/index.php?rest_route=\/wp\/v2\/posts"}],"about":[{"href":"https:\/\/site.ac-martinique.fr\/circonscription-trinite\/index.php?rest_route=\/wp\/v2\/types\/post"}],"author":[{"embeddable":true,"href":"https:\/\/site.ac-martinique.fr\/circonscription-trinite\/index.php?rest_route=\/wp\/v2\/users\/272"}],"replies":[{"embeddable":true,"href":"https:\/\/site.ac-martinique.fr\/circonscription-trinite\/index.php?rest_route=%2Fwp%2Fv2%2Fcomments&post=4907"}],"version-history":[{"count":1,"href":"https:\/\/site.ac-martinique.fr\/circonscription-trinite\/index.php?rest_route=\/wp\/v2\/posts\/4907\/revisions"}],"predecessor-version":[{"id":4910,"href":"https:\/\/site.ac-martinique.fr\/circonscription-trinite\/index.php?rest_route=\/wp\/v2\/posts\/4907\/revisions\/4910"}],"wp:attachment":[{"href":"https:\/\/site.ac-martinique.fr\/circonscription-trinite\/index.php?rest_route=%2Fwp%2Fv2%2Fmedia&parent=4907"}],"wp:term":[{"taxonomy":"category","embeddable":true,"href":"https:\/\/site.ac-martinique.fr\/circonscription-trinite\/index.php?rest_route=%2Fwp%2Fv2%2Fcategories&post=4907"},{"taxonomy":"post_tag","embeddable":true,"href":"https:\/\/site.ac-martinique.fr\/circonscription-trinite\/index.php?rest_route=%2Fwp%2Fv2%2Ftags&post=4907"}],"curies":[{"name":"wp","href":"https:\/\/api.w.org\/{rel}","templated":true}]}}