{"id":5074,"date":"2024-03-12T17:32:09","date_gmt":"2024-03-12T16:32:09","guid":{"rendered":"https:\/\/site.ac-martinique.fr\/circonscription-trinite\/?p=5074"},"modified":"2024-03-12T17:32:09","modified_gmt":"2024-03-12T16:32:09","slug":"klas-psms-auguste-rejon-travay-asou-jounen-fanm","status":"publish","type":"post","link":"https:\/\/site.ac-martinique.fr\/circonscription-trinite\/?p=5074","title":{"rendered":"Klas PSMS Auguste Rejon travay asou jounen fanm"},"content":{"rendered":"\n<p class=\"has-h-3-font-size\">La classe PS\/MS de la maternelle Auguste Rejon\/LA TRINIT\u00c9 a honor\u00e9 les femmes.<\/p>\n\n\n\n<figure class=\"wp-block-gallery has-nested-images columns-default is-cropped is-style-tw-img-rounded wp-block-gallery-1 is-layout-flex wp-block-gallery-is-layout-flex\">\n<figure class=\"wp-block-image size-large is-style-tw-rounded-corners\"><img loading=\"lazy\" decoding=\"async\" width=\"1024\" height=\"768\" data-id=\"5076\" src=\"https:\/\/site.ac-martinique.fr\/circonscription-trinite\/wp-content\/uploads\/sites\/87\/2024\/03\/Photo-de-Noemiie-C_-1024x768.jpg\" alt=\"\" class=\"wp-image-5076\" srcset=\"https:\/\/site.ac-martinique.fr\/circonscription-trinite\/wp-content\/uploads\/sites\/87\/2024\/03\/Photo-de-Noemiie-C_-1024x768.jpg 1024w, https:\/\/site.ac-martinique.fr\/circonscription-trinite\/wp-content\/uploads\/sites\/87\/2024\/03\/Photo-de-Noemiie-C_-300x225.jpg 300w, https:\/\/site.ac-martinique.fr\/circonscription-trinite\/wp-content\/uploads\/sites\/87\/2024\/03\/Photo-de-Noemiie-C_-768x576.jpg 768w, https:\/\/site.ac-martinique.fr\/circonscription-trinite\/wp-content\/uploads\/sites\/87\/2024\/03\/Photo-de-Noemiie-C_-1536x1152.jpg 1536w, https:\/\/site.ac-martinique.fr\/circonscription-trinite\/wp-content\/uploads\/sites\/87\/2024\/03\/Photo-de-Noemiie-C_-1568x1176.jpg 1568w, https:\/\/site.ac-martinique.fr\/circonscription-trinite\/wp-content\/uploads\/sites\/87\/2024\/03\/Photo-de-Noemiie-C_.jpg 1600w\" sizes=\"auto, (max-width: 1024px) 100vw, 1024px\" \/><\/figure>\n\n\n\n<figure class=\"wp-block-image size-large is-style-tw-rounded-corners\"><img loading=\"lazy\" decoding=\"async\" width=\"1024\" height=\"768\" data-id=\"5077\" src=\"https:\/\/site.ac-martinique.fr\/circonscription-trinite\/wp-content\/uploads\/sites\/87\/2024\/03\/Photo-de-Noemiie-C_1-1024x768.jpg\" alt=\"\" class=\"wp-image-5077\" srcset=\"https:\/\/site.ac-martinique.fr\/circonscription-trinite\/wp-content\/uploads\/sites\/87\/2024\/03\/Photo-de-Noemiie-C_1-1024x768.jpg 1024w, https:\/\/site.ac-martinique.fr\/circonscription-trinite\/wp-content\/uploads\/sites\/87\/2024\/03\/Photo-de-Noemiie-C_1-300x225.jpg 300w, https:\/\/site.ac-martinique.fr\/circonscription-trinite\/wp-content\/uploads\/sites\/87\/2024\/03\/Photo-de-Noemiie-C_1-768x576.jpg 768w, https:\/\/site.ac-martinique.fr\/circonscription-trinite\/wp-content\/uploads\/sites\/87\/2024\/03\/Photo-de-Noemiie-C_1-1536x1152.jpg 1536w, https:\/\/site.ac-martinique.fr\/circonscription-trinite\/wp-content\/uploads\/sites\/87\/2024\/03\/Photo-de-Noemiie-C_1-1568x1176.jpg 1568w, https:\/\/site.ac-martinique.fr\/circonscription-trinite\/wp-content\/uploads\/sites\/87\/2024\/03\/Photo-de-Noemiie-C_1.jpg 1600w\" sizes=\"auto, (max-width: 1024px) 100vw, 1024px\" \/><\/figure>\n<\/figure>\n\n\n\n<div class=\"wp-block-columns is-layout-flex wp-container-core-columns-is-layout-d0b3c9c8 wp-block-columns-is-layout-flex\">\n<div class=\"wp-block-column is-layout-flow wp-block-column-is-layout-flow\">\n<p class=\"has-h-3-font-size\">Pawol-la di :<\/p>\n\n\n\n<p class=\"has-h-3-font-size\">&nbsp;*FOUT FANM FO*&#8230;extrait de &#8220;Fanm&#8221; de Joby BERNAB\u00c9<\/p>\n\n\n\n<p class=\"has-h-3-font-size\">*Fanm f\u00e8t pou respekt\u00e9,&nbsp; respekt\u00e9&#8217;y !*&nbsp; de Dif\u00e9 et Rosine Varasse<\/p>\n<\/div>\n\n\n\n<div class=\"wp-block-column is-layout-flow wp-block-column-is-layout-flow\">\n<figure class=\"wp-block-audio\"><audio controls src=\"https:\/\/site.ac-martinique.fr\/circonscription-trinite\/wp-content\/uploads\/sites\/87\/2024\/03\/Fichier-audio-de-Noemiie-C__1_.mp3\"><\/audio><\/figure>\n\n\n\n<figure class=\"wp-block-audio\"><audio controls src=\"https:\/\/site.ac-martinique.fr\/circonscription-trinite\/wp-content\/uploads\/sites\/87\/2024\/03\/Fichier-audio-de-Noemiie-C_.mp3\"><\/audio><\/figure>\n\n\n\n<figure class=\"wp-block-audio\"><audio controls src=\"https:\/\/site.ac-martinique.fr\/circonscription-trinite\/wp-content\/uploads\/sites\/87\/2024\/03\/Fichier-audio-de-Noemiie-C__2_.mp3\"><\/audio><\/figure>\n<\/div>\n<\/div>\n\n\n\n<figure class=\"wp-block-image size-large is-style-tw-rounded-corners\"><img loading=\"lazy\" decoding=\"async\" width=\"1024\" height=\"768\" src=\"https:\/\/site.ac-martinique.fr\/circonscription-trinite\/wp-content\/uploads\/sites\/87\/2024\/03\/Photo-de-Noemiie-C_3-1024x768.jpg\" alt=\"\" class=\"wp-image-5079\" srcset=\"https:\/\/site.ac-martinique.fr\/circonscription-trinite\/wp-content\/uploads\/sites\/87\/2024\/03\/Photo-de-Noemiie-C_3-1024x768.jpg 1024w, https:\/\/site.ac-martinique.fr\/circonscription-trinite\/wp-content\/uploads\/sites\/87\/2024\/03\/Photo-de-Noemiie-C_3-300x225.jpg 300w, https:\/\/site.ac-martinique.fr\/circonscription-trinite\/wp-content\/uploads\/sites\/87\/2024\/03\/Photo-de-Noemiie-C_3-768x576.jpg 768w, https:\/\/site.ac-martinique.fr\/circonscription-trinite\/wp-content\/uploads\/sites\/87\/2024\/03\/Photo-de-Noemiie-C_3-1536x1152.jpg 1536w, https:\/\/site.ac-martinique.fr\/circonscription-trinite\/wp-content\/uploads\/sites\/87\/2024\/03\/Photo-de-Noemiie-C_3-1568x1176.jpg 1568w, https:\/\/site.ac-martinique.fr\/circonscription-trinite\/wp-content\/uploads\/sites\/87\/2024\/03\/Photo-de-Noemiie-C_3.jpg 1600w\" sizes=\"auto, (max-width: 1024px) 100vw, 1024px\" \/><\/figure>\n","protected":false},"excerpt":{"rendered":"<p>La classe PS\/MS de la maternelle Auguste Rejon\/LA TRINIT\u00c9 a honor\u00e9 les femmes. Pawol-la di : &nbsp;*FOUT FANM FO*&#8230;extrait de &#8220;Fanm&#8221; de Joby BERNAB\u00c9 *Fanm f\u00e8t pou respekt\u00e9,&nbsp; respekt\u00e9&#8217;y !*&nbsp;&hellip; <a class=\"more-link\" href=\"https:\/\/site.ac-martinique.fr\/circonscription-trinite\/?p=5074\">Poursuivre la lecture <span class=\"screen-reader-text\">Klas PSMS Auguste Rejon travay asou jounen fanm<\/span><\/a><\/p>\n","protected":false},"author":272,"featured_media":5075,"comment_status":"closed","ping_status":"closed","sticky":false,"template":"","format":"standard","meta":{"footnotes":"","_links_to":"","_links_to_target":""},"categories":[57,108,7],"tags":[],"class_list":["post-5074","post","type-post","status-publish","format-standard","has-post-thumbnail","hentry","category-lvelvr","category-lvr","category-productiondesecoles","entry"],"amp_enabled":true,"_links":{"self":[{"href":"https:\/\/site.ac-martinique.fr\/circonscription-trinite\/index.php?rest_route=\/wp\/v2\/posts\/5074","targetHints":{"allow":["GET"]}}],"collection":[{"href":"https:\/\/site.ac-martinique.fr\/circonscription-trinite\/index.php?rest_route=\/wp\/v2\/posts"}],"about":[{"href":"https:\/\/site.ac-martinique.fr\/circonscription-trinite\/index.php?rest_route=\/wp\/v2\/types\/post"}],"author":[{"embeddable":true,"href":"https:\/\/site.ac-martinique.fr\/circonscription-trinite\/index.php?rest_route=\/wp\/v2\/users\/272"}],"replies":[{"embeddable":true,"href":"https:\/\/site.ac-martinique.fr\/circonscription-trinite\/index.php?rest_route=%2Fwp%2Fv2%2Fcomments&post=5074"}],"version-history":[{"count":1,"href":"https:\/\/site.ac-martinique.fr\/circonscription-trinite\/index.php?rest_route=\/wp\/v2\/posts\/5074\/revisions"}],"predecessor-version":[{"id":5083,"href":"https:\/\/site.ac-martinique.fr\/circonscription-trinite\/index.php?rest_route=\/wp\/v2\/posts\/5074\/revisions\/5083"}],"wp:featuredmedia":[{"embeddable":true,"href":"https:\/\/site.ac-martinique.fr\/circonscription-trinite\/index.php?rest_route=\/wp\/v2\/media\/5075"}],"wp:attachment":[{"href":"https:\/\/site.ac-martinique.fr\/circonscription-trinite\/index.php?rest_route=%2Fwp%2Fv2%2Fmedia&parent=5074"}],"wp:term":[{"taxonomy":"category","embeddable":true,"href":"https:\/\/site.ac-martinique.fr\/circonscription-trinite\/index.php?rest_route=%2Fwp%2Fv2%2Fcategories&post=5074"},{"taxonomy":"post_tag","embeddable":true,"href":"https:\/\/site.ac-martinique.fr\/circonscription-trinite\/index.php?rest_route=%2Fwp%2Fv2%2Ftags&post=5074"}],"curies":[{"name":"wp","href":"https:\/\/api.w.org\/{rel}","templated":true}]}}