{"id":5303,"date":"2024-04-08T20:00:37","date_gmt":"2024-04-08T18:00:37","guid":{"rendered":"https:\/\/site.ac-martinique.fr\/circonscription-trinite\/?p=5303"},"modified":"2024-04-08T20:00:38","modified_gmt":"2024-04-08T18:00:38","slug":"programme-saute-sante","status":"publish","type":"post","link":"https:\/\/site.ac-martinique.fr\/circonscription-trinite\/?p=5303","title":{"rendered":"Programme Saut\u00e9 Sant\u00e9"},"content":{"rendered":"\n<p class=\"has-large-font-size\">L\u2019\u00e9cole Ultima Vestris re\u00e7oit l&#8217;association Coco an Dlo pour le d\u00e9ploiement de l&#8217;activit\u00e9 Saut\u00e9 Sant\u00e9. Les \u00e9l\u00e8ves \u00e9taient contents de participer \u00e0 cette activit\u00e9 et de se faire photographier avec une championne olympique, Coralie Balmy.<\/p>\n","protected":false},"excerpt":{"rendered":"<p>L\u2019\u00e9cole Ultima Vestris re\u00e7oit l&#8217;association Coco an Dlo pour le d\u00e9ploiement de l&#8217;activit\u00e9 Saut\u00e9 Sant\u00e9. Les \u00e9l\u00e8ves \u00e9taient contents de participer \u00e0 cette activit\u00e9 et de se faire photographier avec&hellip; <a class=\"more-link\" href=\"https:\/\/site.ac-martinique.fr\/circonscription-trinite\/?p=5303\">Poursuivre la lecture <span class=\"screen-reader-text\">Programme Saut\u00e9 Sant\u00e9<\/span><\/a><\/p>\n","protected":false},"author":272,"featured_media":5304,"comment_status":"closed","ping_status":"closed","sticky":false,"template":"","format":"standard","meta":{"footnotes":"","_links_to":"","_links_to_target":""},"categories":[68,7],"tags":[],"class_list":["post-5303","post","type-post","status-publish","format-standard","has-post-thumbnail","hentry","category-eps","category-productiondesecoles","entry"],"amp_enabled":true,"_links":{"self":[{"href":"https:\/\/site.ac-martinique.fr\/circonscription-trinite\/index.php?rest_route=\/wp\/v2\/posts\/5303","targetHints":{"allow":["GET"]}}],"collection":[{"href":"https:\/\/site.ac-martinique.fr\/circonscription-trinite\/index.php?rest_route=\/wp\/v2\/posts"}],"about":[{"href":"https:\/\/site.ac-martinique.fr\/circonscription-trinite\/index.php?rest_route=\/wp\/v2\/types\/post"}],"author":[{"embeddable":true,"href":"https:\/\/site.ac-martinique.fr\/circonscription-trinite\/index.php?rest_route=\/wp\/v2\/users\/272"}],"replies":[{"embeddable":true,"href":"https:\/\/site.ac-martinique.fr\/circonscription-trinite\/index.php?rest_route=%2Fwp%2Fv2%2Fcomments&post=5303"}],"version-history":[{"count":1,"href":"https:\/\/site.ac-martinique.fr\/circonscription-trinite\/index.php?rest_route=\/wp\/v2\/posts\/5303\/revisions"}],"predecessor-version":[{"id":5305,"href":"https:\/\/site.ac-martinique.fr\/circonscription-trinite\/index.php?rest_route=\/wp\/v2\/posts\/5303\/revisions\/5305"}],"wp:featuredmedia":[{"embeddable":true,"href":"https:\/\/site.ac-martinique.fr\/circonscription-trinite\/index.php?rest_route=\/wp\/v2\/media\/5304"}],"wp:attachment":[{"href":"https:\/\/site.ac-martinique.fr\/circonscription-trinite\/index.php?rest_route=%2Fwp%2Fv2%2Fmedia&parent=5303"}],"wp:term":[{"taxonomy":"category","embeddable":true,"href":"https:\/\/site.ac-martinique.fr\/circonscription-trinite\/index.php?rest_route=%2Fwp%2Fv2%2Fcategories&post=5303"},{"taxonomy":"post_tag","embeddable":true,"href":"https:\/\/site.ac-martinique.fr\/circonscription-trinite\/index.php?rest_route=%2Fwp%2Fv2%2Ftags&post=5303"}],"curies":[{"name":"wp","href":"https:\/\/api.w.org\/{rel}","templated":true}]}}