{"id":5309,"date":"2024-04-15T21:38:24","date_gmt":"2024-04-15T19:38:24","guid":{"rendered":"https:\/\/site.ac-martinique.fr\/circonscription-trinite\/?p=5309"},"modified":"2024-04-15T21:38:24","modified_gmt":"2024-04-15T19:38:24","slug":"cecifoot-a-auguste-rejon","status":"publish","type":"post","link":"https:\/\/site.ac-martinique.fr\/circonscription-trinite\/?p=5309","title":{"rendered":"C\u00e9cifoot \u00e0 Auguste Rejon"},"content":{"rendered":"\n<p class=\"has-text-align-center has-h-3-font-size\">C\u00e9cifoot ce mardi 9 avril \u00e0 l&#8217;\u00e9cole \u00e9l\u00e9mentaire Auguste REJON.<br>Sensibilisation aux sports paralympiques:&nbsp;CP&nbsp;B&nbsp;et&nbsp;CE1&nbsp;A.<\/p>\n\n\n\n<figure class=\"wp-block-gallery has-nested-images columns-default is-cropped is-style-tw-img-rounded wp-block-gallery-1 is-layout-flex wp-block-gallery-is-layout-flex\">\n<figure class=\"wp-block-image size-large is-style-tw-rounded-corners\"><img loading=\"lazy\" decoding=\"async\" width=\"841\" height=\"1024\" data-id=\"5311\" src=\"https:\/\/site.ac-martinique.fr\/circonscription-trinite\/wp-content\/uploads\/sites\/87\/2024\/04\/IMG-20240410-WA0011-841x1024.jpg\" alt=\"\" class=\"wp-image-5311\" srcset=\"https:\/\/site.ac-martinique.fr\/circonscription-trinite\/wp-content\/uploads\/sites\/87\/2024\/04\/IMG-20240410-WA0011-841x1024.jpg 841w, https:\/\/site.ac-martinique.fr\/circonscription-trinite\/wp-content\/uploads\/sites\/87\/2024\/04\/IMG-20240410-WA0011-246x300.jpg 246w, https:\/\/site.ac-martinique.fr\/circonscription-trinite\/wp-content\/uploads\/sites\/87\/2024\/04\/IMG-20240410-WA0011-768x935.jpg 768w, https:\/\/site.ac-martinique.fr\/circonscription-trinite\/wp-content\/uploads\/sites\/87\/2024\/04\/IMG-20240410-WA0011.jpg 1051w\" sizes=\"auto, (max-width: 841px) 100vw, 841px\" \/><\/figure>\n\n\n\n<figure class=\"wp-block-image size-large is-style-tw-rounded-corners\"><img loading=\"lazy\" decoding=\"async\" width=\"1024\" height=\"768\" data-id=\"5312\" src=\"https:\/\/site.ac-martinique.fr\/circonscription-trinite\/wp-content\/uploads\/sites\/87\/2024\/04\/IMG-20240410-WA0029-1024x768.jpg\" alt=\"\" class=\"wp-image-5312\" srcset=\"https:\/\/site.ac-martinique.fr\/circonscription-trinite\/wp-content\/uploads\/sites\/87\/2024\/04\/IMG-20240410-WA0029-1024x768.jpg 1024w, https:\/\/site.ac-martinique.fr\/circonscription-trinite\/wp-content\/uploads\/sites\/87\/2024\/04\/IMG-20240410-WA0029-300x225.jpg 300w, https:\/\/site.ac-martinique.fr\/circonscription-trinite\/wp-content\/uploads\/sites\/87\/2024\/04\/IMG-20240410-WA0029-768x576.jpg 768w, https:\/\/site.ac-martinique.fr\/circonscription-trinite\/wp-content\/uploads\/sites\/87\/2024\/04\/IMG-20240410-WA0029.jpg 1280w\" sizes=\"auto, (max-width: 1024px) 100vw, 1024px\" \/><\/figure>\n\n\n\n<figure class=\"wp-block-image size-large is-style-tw-rounded-corners\"><img loading=\"lazy\" decoding=\"async\" width=\"956\" height=\"1024\" data-id=\"5313\" src=\"https:\/\/site.ac-martinique.fr\/circonscription-trinite\/wp-content\/uploads\/sites\/87\/2024\/04\/IMG-20240410-WA0010-956x1024.jpg\" alt=\"\" class=\"wp-image-5313\" srcset=\"https:\/\/site.ac-martinique.fr\/circonscription-trinite\/wp-content\/uploads\/sites\/87\/2024\/04\/IMG-20240410-WA0010-956x1024.jpg 956w, https:\/\/site.ac-martinique.fr\/circonscription-trinite\/wp-content\/uploads\/sites\/87\/2024\/04\/IMG-20240410-WA0010-280x300.jpg 280w, https:\/\/site.ac-martinique.fr\/circonscription-trinite\/wp-content\/uploads\/sites\/87\/2024\/04\/IMG-20240410-WA0010-768x822.jpg 768w, https:\/\/site.ac-martinique.fr\/circonscription-trinite\/wp-content\/uploads\/sites\/87\/2024\/04\/IMG-20240410-WA0010.jpg 1128w\" sizes=\"auto, (max-width: 956px) 100vw, 956px\" \/><\/figure>\n<\/figure>\n","protected":false},"excerpt":{"rendered":"<p>C\u00e9cifoot ce mardi 9 avril \u00e0 l&#8217;\u00e9cole \u00e9l\u00e9mentaire Auguste REJON.Sensibilisation aux sports paralympiques:&nbsp;CP&nbsp;B&nbsp;et&nbsp;CE1&nbsp;A.<\/p>\n","protected":false},"author":272,"featured_media":5310,"comment_status":"closed","ping_status":"closed","sticky":false,"template":"","format":"standard","meta":{"footnotes":"","_links_to":"","_links_to_target":""},"categories":[7],"tags":[],"class_list":["post-5309","post","type-post","status-publish","format-standard","has-post-thumbnail","hentry","category-productiondesecoles","entry"],"amp_enabled":true,"_links":{"self":[{"href":"https:\/\/site.ac-martinique.fr\/circonscription-trinite\/index.php?rest_route=\/wp\/v2\/posts\/5309","targetHints":{"allow":["GET"]}}],"collection":[{"href":"https:\/\/site.ac-martinique.fr\/circonscription-trinite\/index.php?rest_route=\/wp\/v2\/posts"}],"about":[{"href":"https:\/\/site.ac-martinique.fr\/circonscription-trinite\/index.php?rest_route=\/wp\/v2\/types\/post"}],"author":[{"embeddable":true,"href":"https:\/\/site.ac-martinique.fr\/circonscription-trinite\/index.php?rest_route=\/wp\/v2\/users\/272"}],"replies":[{"embeddable":true,"href":"https:\/\/site.ac-martinique.fr\/circonscription-trinite\/index.php?rest_route=%2Fwp%2Fv2%2Fcomments&post=5309"}],"version-history":[{"count":1,"href":"https:\/\/site.ac-martinique.fr\/circonscription-trinite\/index.php?rest_route=\/wp\/v2\/posts\/5309\/revisions"}],"predecessor-version":[{"id":5314,"href":"https:\/\/site.ac-martinique.fr\/circonscription-trinite\/index.php?rest_route=\/wp\/v2\/posts\/5309\/revisions\/5314"}],"wp:featuredmedia":[{"embeddable":true,"href":"https:\/\/site.ac-martinique.fr\/circonscription-trinite\/index.php?rest_route=\/wp\/v2\/media\/5310"}],"wp:attachment":[{"href":"https:\/\/site.ac-martinique.fr\/circonscription-trinite\/index.php?rest_route=%2Fwp%2Fv2%2Fmedia&parent=5309"}],"wp:term":[{"taxonomy":"category","embeddable":true,"href":"https:\/\/site.ac-martinique.fr\/circonscription-trinite\/index.php?rest_route=%2Fwp%2Fv2%2Fcategories&post=5309"},{"taxonomy":"post_tag","embeddable":true,"href":"https:\/\/site.ac-martinique.fr\/circonscription-trinite\/index.php?rest_route=%2Fwp%2Fv2%2Ftags&post=5309"}],"curies":[{"name":"wp","href":"https:\/\/api.w.org\/{rel}","templated":true}]}}