{"id":5343,"date":"2024-04-19T19:29:58","date_gmt":"2024-04-19T17:29:58","guid":{"rendered":"https:\/\/site.ac-martinique.fr\/circonscription-trinite\/?p=5343"},"modified":"2024-04-22T15:58:07","modified_gmt":"2024-04-22T13:58:07","slug":"projet-lari-kaz-neg","status":"publish","type":"post","link":"https:\/\/site.ac-martinique.fr\/circonscription-trinite\/?p=5343","title":{"rendered":"Projet Lari\u00a0kaz\u00a0n\u00e8g \u00e0 l&#8217;\u00e9cole Emile CAPGRAS"},"content":{"rendered":"\n<div class=\"wp-block-columns is-layout-flex wp-container-core-columns-is-layout-d0b3c9c8 wp-block-columns-is-layout-flex\">\n<div class=\"wp-block-column is-layout-flow wp-block-column-is-layout-flow\">\n<div class=\"wp-block-group is-nowrap is-layout-flex wp-container-core-group-is-layout-5c4495dd wp-block-group-is-layout-flex\">\n<p class=\"has-h-3-font-size wp-container-content-9cfa9a5a\">A l&#8217;\u00e9cole Emile Capgras,les \u00e9l\u00e8ves CM1 Madras de Mme Tinot ont accueilli madame Sabine Andrivon Milton le mardi 16 avril dans le cadre de leur projet Lari Kaz n\u00e9g&#8221;.<\/p>\n<\/div>\n\n\n<div class=\"wp-block-image is-style-tw-rounded-corners\">\n<figure class=\"aligncenter size-large is-resized\"><img loading=\"lazy\" decoding=\"async\" width=\"768\" height=\"1024\" src=\"https:\/\/site.ac-martinique.fr\/circonscription-trinite\/wp-content\/uploads\/sites\/87\/2024\/04\/WhatsApp-Image-2024-04-19-a-11.23.14_2cadb8ae-768x1024.jpg\" alt=\"\" class=\"wp-image-5348\" style=\"width:412px;height:auto\" srcset=\"https:\/\/site.ac-martinique.fr\/circonscription-trinite\/wp-content\/uploads\/sites\/87\/2024\/04\/WhatsApp-Image-2024-04-19-a-11.23.14_2cadb8ae-768x1024.jpg 768w, https:\/\/site.ac-martinique.fr\/circonscription-trinite\/wp-content\/uploads\/sites\/87\/2024\/04\/WhatsApp-Image-2024-04-19-a-11.23.14_2cadb8ae-225x300.jpg 225w, https:\/\/site.ac-martinique.fr\/circonscription-trinite\/wp-content\/uploads\/sites\/87\/2024\/04\/WhatsApp-Image-2024-04-19-a-11.23.14_2cadb8ae-1152x1536.jpg 1152w, https:\/\/site.ac-martinique.fr\/circonscription-trinite\/wp-content\/uploads\/sites\/87\/2024\/04\/WhatsApp-Image-2024-04-19-a-11.23.14_2cadb8ae.jpg 1200w\" sizes=\"auto, (max-width: 768px) 100vw, 768px\" \/><\/figure>\n<\/div><\/div>\n\n\n\n<div class=\"wp-block-column is-layout-flow wp-block-column-is-layout-flow\">\n<figure class=\"wp-block-image size-large is-style-tw-rounded-corners\"><img loading=\"lazy\" decoding=\"async\" width=\"768\" height=\"1024\" src=\"https:\/\/site.ac-martinique.fr\/circonscription-trinite\/wp-content\/uploads\/sites\/87\/2024\/04\/WhatsApp-Image-2024-04-19-a-11.23.16_486ffdfe-768x1024.jpg\" alt=\"\" class=\"wp-image-5349\" srcset=\"https:\/\/site.ac-martinique.fr\/circonscription-trinite\/wp-content\/uploads\/sites\/87\/2024\/04\/WhatsApp-Image-2024-04-19-a-11.23.16_486ffdfe-768x1024.jpg 768w, https:\/\/site.ac-martinique.fr\/circonscription-trinite\/wp-content\/uploads\/sites\/87\/2024\/04\/WhatsApp-Image-2024-04-19-a-11.23.16_486ffdfe-225x300.jpg 225w, https:\/\/site.ac-martinique.fr\/circonscription-trinite\/wp-content\/uploads\/sites\/87\/2024\/04\/WhatsApp-Image-2024-04-19-a-11.23.16_486ffdfe-1152x1536.jpg 1152w, https:\/\/site.ac-martinique.fr\/circonscription-trinite\/wp-content\/uploads\/sites\/87\/2024\/04\/WhatsApp-Image-2024-04-19-a-11.23.16_486ffdfe.jpg 1200w\" sizes=\"auto, (max-width: 768px) 100vw, 768px\" \/><\/figure>\n\n\n\n<p class=\"has-h-3-font-size\">Ils ont souhait\u00e9 mieux conna\u00eetre la Martinique dans les ann\u00e9es 1930,p\u00e9riode qui correspond \u00e0 l&#8217;enfance de Joseph Zobel.<\/p>\n<\/div>\n<\/div>\n\n\n\n<p><\/p>\n\n\n\n<figure class=\"wp-block-image size-large is-style-tw-rounded-corners\"><img loading=\"lazy\" decoding=\"async\" width=\"1024\" height=\"768\" src=\"https:\/\/site.ac-martinique.fr\/circonscription-trinite\/wp-content\/uploads\/sites\/87\/2024\/04\/WhatsApp-Image-2024-04-19-a-11.25.03_78f310c4-1024x768.jpg\" alt=\"\" class=\"wp-image-5347\" srcset=\"https:\/\/site.ac-martinique.fr\/circonscription-trinite\/wp-content\/uploads\/sites\/87\/2024\/04\/WhatsApp-Image-2024-04-19-a-11.25.03_78f310c4-1024x768.jpg 1024w, https:\/\/site.ac-martinique.fr\/circonscription-trinite\/wp-content\/uploads\/sites\/87\/2024\/04\/WhatsApp-Image-2024-04-19-a-11.25.03_78f310c4-300x225.jpg 300w, https:\/\/site.ac-martinique.fr\/circonscription-trinite\/wp-content\/uploads\/sites\/87\/2024\/04\/WhatsApp-Image-2024-04-19-a-11.25.03_78f310c4-768x576.jpg 768w, https:\/\/site.ac-martinique.fr\/circonscription-trinite\/wp-content\/uploads\/sites\/87\/2024\/04\/WhatsApp-Image-2024-04-19-a-11.25.03_78f310c4.jpg 1280w\" sizes=\"auto, (max-width: 1024px) 100vw, 1024px\" \/><\/figure>\n\n\n\n<p class=\"has-h-3-font-size\">Les \u00e9l\u00e8ves de Mme Pradal et de Mme Lepouliken ont \u00e9galement particip\u00e9 \u00e0 cette rencontre en posant des questions sur&nbsp;&nbsp;l&#8217;esclavage.<\/p>\n\n\n\n<div class=\"wp-block-columns is-layout-flex wp-container-core-columns-is-layout-d0b3c9c8 wp-block-columns-is-layout-flex\">\n<div class=\"wp-block-column is-layout-flow wp-block-column-is-layout-flow\" style=\"--col-width:50%;flex-basis:50%\">\n<figure class=\"wp-block-image size-large is-style-tw-rounded-corners\"><img loading=\"lazy\" decoding=\"async\" width=\"768\" height=\"1024\" src=\"https:\/\/site.ac-martinique.fr\/circonscription-trinite\/wp-content\/uploads\/sites\/87\/2024\/04\/WhatsApp-Image-2024-04-19-a-11.39.58_e69ffecb-768x1024.jpg\" alt=\"\" class=\"wp-image-5344\" srcset=\"https:\/\/site.ac-martinique.fr\/circonscription-trinite\/wp-content\/uploads\/sites\/87\/2024\/04\/WhatsApp-Image-2024-04-19-a-11.39.58_e69ffecb-768x1024.jpg 768w, https:\/\/site.ac-martinique.fr\/circonscription-trinite\/wp-content\/uploads\/sites\/87\/2024\/04\/WhatsApp-Image-2024-04-19-a-11.39.58_e69ffecb-225x300.jpg 225w, https:\/\/site.ac-martinique.fr\/circonscription-trinite\/wp-content\/uploads\/sites\/87\/2024\/04\/WhatsApp-Image-2024-04-19-a-11.39.58_e69ffecb-1152x1536.jpg 1152w, https:\/\/site.ac-martinique.fr\/circonscription-trinite\/wp-content\/uploads\/sites\/87\/2024\/04\/WhatsApp-Image-2024-04-19-a-11.39.58_e69ffecb.jpg 1200w\" sizes=\"auto, (max-width: 768px) 100vw, 768px\" \/><\/figure>\n<\/div>\n\n\n\n<div class=\"wp-block-column is-layout-flow wp-block-column-is-layout-flow\" style=\"--col-width:50%;flex-basis:50%\">\n<figure class=\"wp-block-image size-large is-style-tw-rounded-corners\"><img loading=\"lazy\" decoding=\"async\" width=\"768\" height=\"1024\" src=\"https:\/\/site.ac-martinique.fr\/circonscription-trinite\/wp-content\/uploads\/sites\/87\/2024\/04\/WhatsApp-Image-2024-04-19-a-11.25.10_dfb91215-768x1024.jpg\" alt=\"\" class=\"wp-image-5346\" srcset=\"https:\/\/site.ac-martinique.fr\/circonscription-trinite\/wp-content\/uploads\/sites\/87\/2024\/04\/WhatsApp-Image-2024-04-19-a-11.25.10_dfb91215-768x1024.jpg 768w, https:\/\/site.ac-martinique.fr\/circonscription-trinite\/wp-content\/uploads\/sites\/87\/2024\/04\/WhatsApp-Image-2024-04-19-a-11.25.10_dfb91215-225x300.jpg 225w, https:\/\/site.ac-martinique.fr\/circonscription-trinite\/wp-content\/uploads\/sites\/87\/2024\/04\/WhatsApp-Image-2024-04-19-a-11.25.10_dfb91215-1152x1536.jpg 1152w, https:\/\/site.ac-martinique.fr\/circonscription-trinite\/wp-content\/uploads\/sites\/87\/2024\/04\/WhatsApp-Image-2024-04-19-a-11.25.10_dfb91215.jpg 1200w\" sizes=\"auto, (max-width: 768px) 100vw, 768px\" \/><\/figure>\n<\/div>\n<\/div>\n","protected":false},"excerpt":{"rendered":"<p>A l&#8217;\u00e9cole Emile Capgras,les \u00e9l\u00e8ves CM1 Madras de Mme Tinot ont accueilli madame Sabine Andrivon Milton le mardi 16 avril dans le cadre de leur projet Lari Kaz n\u00e9g&#8221;. Ils&hellip; <a class=\"more-link\" href=\"https:\/\/site.ac-martinique.fr\/circonscription-trinite\/?p=5343\">Poursuivre la lecture <span class=\"screen-reader-text\">Projet Lari\u00a0kaz\u00a0n\u00e8g \u00e0 l&#8217;\u00e9cole Emile CAPGRAS<\/span><\/a><\/p>\n","protected":false},"author":272,"featured_media":5354,"comment_status":"closed","ping_status":"closed","sticky":false,"template":"","format":"standard","meta":{"footnotes":"","_links_to":"","_links_to_target":""},"categories":[7],"tags":[],"class_list":["post-5343","post","type-post","status-publish","format-standard","has-post-thumbnail","hentry","category-productiondesecoles","entry"],"amp_enabled":true,"_links":{"self":[{"href":"https:\/\/site.ac-martinique.fr\/circonscription-trinite\/index.php?rest_route=\/wp\/v2\/posts\/5343","targetHints":{"allow":["GET"]}}],"collection":[{"href":"https:\/\/site.ac-martinique.fr\/circonscription-trinite\/index.php?rest_route=\/wp\/v2\/posts"}],"about":[{"href":"https:\/\/site.ac-martinique.fr\/circonscription-trinite\/index.php?rest_route=\/wp\/v2\/types\/post"}],"author":[{"embeddable":true,"href":"https:\/\/site.ac-martinique.fr\/circonscription-trinite\/index.php?rest_route=\/wp\/v2\/users\/272"}],"replies":[{"embeddable":true,"href":"https:\/\/site.ac-martinique.fr\/circonscription-trinite\/index.php?rest_route=%2Fwp%2Fv2%2Fcomments&post=5343"}],"version-history":[{"count":3,"href":"https:\/\/site.ac-martinique.fr\/circonscription-trinite\/index.php?rest_route=\/wp\/v2\/posts\/5343\/revisions"}],"predecessor-version":[{"id":5355,"href":"https:\/\/site.ac-martinique.fr\/circonscription-trinite\/index.php?rest_route=\/wp\/v2\/posts\/5343\/revisions\/5355"}],"wp:featuredmedia":[{"embeddable":true,"href":"https:\/\/site.ac-martinique.fr\/circonscription-trinite\/index.php?rest_route=\/wp\/v2\/media\/5354"}],"wp:attachment":[{"href":"https:\/\/site.ac-martinique.fr\/circonscription-trinite\/index.php?rest_route=%2Fwp%2Fv2%2Fmedia&parent=5343"}],"wp:term":[{"taxonomy":"category","embeddable":true,"href":"https:\/\/site.ac-martinique.fr\/circonscription-trinite\/index.php?rest_route=%2Fwp%2Fv2%2Fcategories&post=5343"},{"taxonomy":"post_tag","embeddable":true,"href":"https:\/\/site.ac-martinique.fr\/circonscription-trinite\/index.php?rest_route=%2Fwp%2Fv2%2Ftags&post=5343"}],"curies":[{"name":"wp","href":"https:\/\/api.w.org\/{rel}","templated":true}]}}