{"id":6028,"date":"2024-06-28T16:09:57","date_gmt":"2024-06-28T14:09:57","guid":{"rendered":"https:\/\/site.ac-martinique.fr\/circonscription-trinite\/?p=6028"},"modified":"2024-06-28T16:09:57","modified_gmt":"2024-06-28T14:09:57","slug":"habilitation-creole-dans-les-ecoles","status":"publish","type":"post","link":"https:\/\/site.ac-martinique.fr\/circonscription-trinite\/?p=6028","title":{"rendered":"Habilitation Cr\u00e9ole dans les \u00e9coles !"},"content":{"rendered":"\n<h2 class=\"wp-block-heading has-text-align-center has-white-background-color has-background\">\u00c9cole maternelle Mano C\u00c9SAIRE<\/h2>\n\n\n\n<div class=\"wp-block-columns is-layout-flex wp-container-core-columns-is-layout-d0b3c9c8 wp-block-columns-is-layout-flex\">\n<div class=\"wp-block-column is-layout-flow wp-block-column-is-layout-flow\" style=\"--col-width:50%;flex-basis:50%\">\n<figure class=\"wp-block-image size-large is-style-tw-rounded-corners\"><img loading=\"lazy\" decoding=\"async\" width=\"576\" height=\"1024\" src=\"https:\/\/site.ac-martinique.fr\/circonscription-trinite\/wp-content\/uploads\/sites\/87\/2024\/06\/WhatsApp-Image-2024-06-25-a-23.41.42_d683f36b-576x1024.jpg\" alt=\"\" class=\"wp-image-6029\" srcset=\"https:\/\/site.ac-martinique.fr\/circonscription-trinite\/wp-content\/uploads\/sites\/87\/2024\/06\/WhatsApp-Image-2024-06-25-a-23.41.42_d683f36b-576x1024.jpg 576w, https:\/\/site.ac-martinique.fr\/circonscription-trinite\/wp-content\/uploads\/sites\/87\/2024\/06\/WhatsApp-Image-2024-06-25-a-23.41.42_d683f36b-169x300.jpg 169w, https:\/\/site.ac-martinique.fr\/circonscription-trinite\/wp-content\/uploads\/sites\/87\/2024\/06\/WhatsApp-Image-2024-06-25-a-23.41.42_d683f36b.jpg 720w\" sizes=\"auto, (max-width: 576px) 100vw, 576px\" \/><\/figure>\n<\/div>\n\n\n\n<div class=\"wp-block-column is-vertically-aligned-center is-layout-flow wp-block-column-is-layout-flow\" style=\"--col-width:600px;flex-basis:600px\">\n<p class=\"has-text-align-center has-h-3-font-size\">Projet d&#8217;habilitation de Mme Glondu:<\/p>\n\n\n\n<p class=\"has-text-align-left has-h-3-font-size\"> Cr\u00e9ation d1 dobble des arbres (et caract\u00e9ristiques) du jardin de l&#8217;\u00e9cole Mano CESAIRE\u2026<\/p>\n\n\n\n<p class=\"has-text-align-left has-h-3-font-size\"><br>Les \u00e9l\u00e8ves maitrisent les noms des arbres, fleurs, feuilles, fruits et ont chacun leur jeu !<\/p>\n\n\n\n<p class=\"has-text-align-left has-h-3-font-size\"><br>F\u00e9licitations Mme Glondu ! \u2728<\/p>\n<\/div>\n<\/div>\n\n\n\n<h2 class=\"wp-block-heading has-text-align-center has-white-background-color has-background\">\u00c9cole \u00e9l\u00e9mentaire Pierre CIRILLE<\/h2>\n\n\n\n<div class=\"wp-block-columns is-layout-flex wp-container-core-columns-is-layout-d0b3c9c8 wp-block-columns-is-layout-flex\">\n<div class=\"wp-block-column is-vertically-aligned-center is-layout-flow wp-block-column-is-layout-flow\" style=\"--col-width:600px;flex-basis:600px\">\n<p class=\"has-h-3-font-size\">Projet habilitation EMILC en Sciences autour des liquides, leurs proprietes, leur dangerosit\u00e9 et  les \u00e9tats de la mati\u00e8re.<\/p>\n\n\n\n<p><\/p>\n\n\n\n<p class=\"has-h-3-font-size\">Les \u00e9l\u00e8ves sont incollables sur les comp\u00e9tences de sciences d\u00e9velopp\u00e9es  !<\/p>\n\n\n\n<p class=\"has-h-3-font-size\"><br>F\u00e9licitations\u00a0Mme\u00a0Cinna\u00a0\u2728<\/p>\n<\/div>\n\n\n\n<div class=\"wp-block-column is-vertically-aligned-center is-layout-flow wp-block-column-is-layout-flow\">\n<figure class=\"wp-block-image size-large is-style-tw-rounded-corners\"><img loading=\"lazy\" decoding=\"async\" width=\"651\" height=\"1024\" src=\"https:\/\/site.ac-martinique.fr\/circonscription-trinite\/wp-content\/uploads\/sites\/87\/2024\/06\/WhatsApp-Image-2024-06-28-a-10.02.31_6343e7d9-651x1024.jpg\" alt=\"\" class=\"wp-image-6030\" srcset=\"https:\/\/site.ac-martinique.fr\/circonscription-trinite\/wp-content\/uploads\/sites\/87\/2024\/06\/WhatsApp-Image-2024-06-28-a-10.02.31_6343e7d9-651x1024.jpg 651w, https:\/\/site.ac-martinique.fr\/circonscription-trinite\/wp-content\/uploads\/sites\/87\/2024\/06\/WhatsApp-Image-2024-06-28-a-10.02.31_6343e7d9-191x300.jpg 191w, https:\/\/site.ac-martinique.fr\/circonscription-trinite\/wp-content\/uploads\/sites\/87\/2024\/06\/WhatsApp-Image-2024-06-28-a-10.02.31_6343e7d9.jpg 685w\" sizes=\"auto, (max-width: 651px) 100vw, 651px\" \/><\/figure>\n<\/div>\n<\/div>\n","protected":false},"excerpt":{"rendered":"<p>\u00c9cole maternelle Mano C\u00c9SAIRE Projet d&#8217;habilitation de Mme Glondu: Cr\u00e9ation d1 dobble des arbres (et caract\u00e9ristiques) du jardin de l&#8217;\u00e9cole Mano CESAIRE\u2026 Les \u00e9l\u00e8ves maitrisent les noms des arbres, fleurs,&hellip; <a class=\"more-link\" href=\"https:\/\/site.ac-martinique.fr\/circonscription-trinite\/?p=6028\">Poursuivre la lecture <span class=\"screen-reader-text\">Habilitation Cr\u00e9ole dans les \u00e9coles !<\/span><\/a><\/p>\n","protected":false},"author":272,"featured_media":6031,"comment_status":"closed","ping_status":"closed","sticky":false,"template":"","format":"standard","meta":{"footnotes":"","_links_to":"","_links_to_target":""},"categories":[57,108,7],"tags":[],"class_list":["post-6028","post","type-post","status-publish","format-standard","has-post-thumbnail","hentry","category-lvelvr","category-lvr","category-productiondesecoles","entry"],"amp_enabled":true,"_links":{"self":[{"href":"https:\/\/site.ac-martinique.fr\/circonscription-trinite\/index.php?rest_route=\/wp\/v2\/posts\/6028","targetHints":{"allow":["GET"]}}],"collection":[{"href":"https:\/\/site.ac-martinique.fr\/circonscription-trinite\/index.php?rest_route=\/wp\/v2\/posts"}],"about":[{"href":"https:\/\/site.ac-martinique.fr\/circonscription-trinite\/index.php?rest_route=\/wp\/v2\/types\/post"}],"author":[{"embeddable":true,"href":"https:\/\/site.ac-martinique.fr\/circonscription-trinite\/index.php?rest_route=\/wp\/v2\/users\/272"}],"replies":[{"embeddable":true,"href":"https:\/\/site.ac-martinique.fr\/circonscription-trinite\/index.php?rest_route=%2Fwp%2Fv2%2Fcomments&post=6028"}],"version-history":[{"count":1,"href":"https:\/\/site.ac-martinique.fr\/circonscription-trinite\/index.php?rest_route=\/wp\/v2\/posts\/6028\/revisions"}],"predecessor-version":[{"id":6032,"href":"https:\/\/site.ac-martinique.fr\/circonscription-trinite\/index.php?rest_route=\/wp\/v2\/posts\/6028\/revisions\/6032"}],"wp:featuredmedia":[{"embeddable":true,"href":"https:\/\/site.ac-martinique.fr\/circonscription-trinite\/index.php?rest_route=\/wp\/v2\/media\/6031"}],"wp:attachment":[{"href":"https:\/\/site.ac-martinique.fr\/circonscription-trinite\/index.php?rest_route=%2Fwp%2Fv2%2Fmedia&parent=6028"}],"wp:term":[{"taxonomy":"category","embeddable":true,"href":"https:\/\/site.ac-martinique.fr\/circonscription-trinite\/index.php?rest_route=%2Fwp%2Fv2%2Fcategories&post=6028"},{"taxonomy":"post_tag","embeddable":true,"href":"https:\/\/site.ac-martinique.fr\/circonscription-trinite\/index.php?rest_route=%2Fwp%2Fv2%2Ftags&post=6028"}],"curies":[{"name":"wp","href":"https:\/\/api.w.org\/{rel}","templated":true}]}}