{"id":6527,"date":"2025-03-27T16:36:45","date_gmt":"2025-03-27T15:36:45","guid":{"rendered":"https:\/\/site.ac-martinique.fr\/circonscription-trinite\/?p=6527"},"modified":"2025-03-27T16:36:47","modified_gmt":"2025-03-27T15:36:47","slug":"cap-sur-laventure-avec-les-cm2-de-robert-platon-%e2%9b%b5","status":"publish","type":"post","link":"https:\/\/site.ac-martinique.fr\/circonscription-trinite\/?p=6527","title":{"rendered":"Cap sur l&#8217;aventure avec les CM2 de Robert Platon ! \u26f5"},"content":{"rendered":"\n<p class=\"has-large-font-size\">Cette semaine, les \u00e9l\u00e8ves de <strong>CM2 de Robert Platon<\/strong> ont eu la chance de profiter d&#8217;un <strong>temps id\u00e9al<\/strong> pour une belle s\u00e9ance de <strong>voile<\/strong>. \ud83c\udf1e\ud83c\udf0a<\/p>\n\n\n\n<figure class=\"wp-block-gallery has-nested-images columns-default is-cropped wp-block-gallery-1 is-layout-flex wp-block-gallery-is-layout-flex\">\n<figure class=\"wp-block-image size-large\"><img loading=\"lazy\" decoding=\"async\" width=\"768\" height=\"1024\" data-id=\"6529\" src=\"https:\/\/site.ac-martinique.fr\/circonscription-trinite\/wp-content\/uploads\/sites\/87\/2025\/03\/IMG-20250324-WA0003-768x1024.jpg\" alt=\"\" class=\"wp-image-6529\" srcset=\"https:\/\/site.ac-martinique.fr\/circonscription-trinite\/wp-content\/uploads\/sites\/87\/2025\/03\/IMG-20250324-WA0003-768x1024.jpg 768w, https:\/\/site.ac-martinique.fr\/circonscription-trinite\/wp-content\/uploads\/sites\/87\/2025\/03\/IMG-20250324-WA0003-225x300.jpg 225w, https:\/\/site.ac-martinique.fr\/circonscription-trinite\/wp-content\/uploads\/sites\/87\/2025\/03\/IMG-20250324-WA0003-1152x1536.jpg 1152w, https:\/\/site.ac-martinique.fr\/circonscription-trinite\/wp-content\/uploads\/sites\/87\/2025\/03\/IMG-20250324-WA0003.jpg 1200w\" sizes=\"auto, (max-width: 768px) 100vw, 768px\" \/><\/figure>\n\n\n\n<figure class=\"wp-block-image size-large\"><img loading=\"lazy\" decoding=\"async\" width=\"768\" height=\"1024\" data-id=\"6532\" src=\"https:\/\/site.ac-martinique.fr\/circonscription-trinite\/wp-content\/uploads\/sites\/87\/2025\/03\/IMG-20250324-WA0004-768x1024.jpg\" alt=\"\" class=\"wp-image-6532\" srcset=\"https:\/\/site.ac-martinique.fr\/circonscription-trinite\/wp-content\/uploads\/sites\/87\/2025\/03\/IMG-20250324-WA0004-768x1024.jpg 768w, https:\/\/site.ac-martinique.fr\/circonscription-trinite\/wp-content\/uploads\/sites\/87\/2025\/03\/IMG-20250324-WA0004-225x300.jpg 225w, https:\/\/site.ac-martinique.fr\/circonscription-trinite\/wp-content\/uploads\/sites\/87\/2025\/03\/IMG-20250324-WA0004-1152x1536.jpg 1152w, https:\/\/site.ac-martinique.fr\/circonscription-trinite\/wp-content\/uploads\/sites\/87\/2025\/03\/IMG-20250324-WA0004.jpg 1200w\" sizes=\"auto, (max-width: 768px) 100vw, 768px\" \/><\/figure>\n<\/figure>\n\n\n\n<p class=\"has-large-font-size\">Accompagn\u00e9s de leurs enseignants et des moniteurs, nos jeunes matelots ont pris la mer avec enthousiasme. <\/p>\n\n\n\n<figure class=\"wp-block-gallery has-nested-images columns-default is-cropped wp-block-gallery-2 is-layout-flex wp-block-gallery-is-layout-flex\">\n<figure class=\"wp-block-image size-large\"><img loading=\"lazy\" decoding=\"async\" width=\"768\" height=\"1024\" data-id=\"6541\" src=\"https:\/\/site.ac-martinique.fr\/circonscription-trinite\/wp-content\/uploads\/sites\/87\/2025\/03\/IMG-20250324-WA0005-1-768x1024.jpg\" alt=\"\" class=\"wp-image-6541\" srcset=\"https:\/\/site.ac-martinique.fr\/circonscription-trinite\/wp-content\/uploads\/sites\/87\/2025\/03\/IMG-20250324-WA0005-1-768x1024.jpg 768w, https:\/\/site.ac-martinique.fr\/circonscription-trinite\/wp-content\/uploads\/sites\/87\/2025\/03\/IMG-20250324-WA0005-1-225x300.jpg 225w, https:\/\/site.ac-martinique.fr\/circonscription-trinite\/wp-content\/uploads\/sites\/87\/2025\/03\/IMG-20250324-WA0005-1-1152x1536.jpg 1152w, https:\/\/site.ac-martinique.fr\/circonscription-trinite\/wp-content\/uploads\/sites\/87\/2025\/03\/IMG-20250324-WA0005-1.jpg 1200w\" sizes=\"auto, (max-width: 768px) 100vw, 768px\" \/><\/figure>\n\n\n\n<figure class=\"wp-block-image size-large\"><img loading=\"lazy\" decoding=\"async\" width=\"768\" height=\"1024\" data-id=\"6539\" src=\"https:\/\/site.ac-martinique.fr\/circonscription-trinite\/wp-content\/uploads\/sites\/87\/2025\/03\/IMG-20250324-WA0002-768x1024.jpg\" alt=\"\" class=\"wp-image-6539\" srcset=\"https:\/\/site.ac-martinique.fr\/circonscription-trinite\/wp-content\/uploads\/sites\/87\/2025\/03\/IMG-20250324-WA0002-768x1024.jpg 768w, https:\/\/site.ac-martinique.fr\/circonscription-trinite\/wp-content\/uploads\/sites\/87\/2025\/03\/IMG-20250324-WA0002-225x300.jpg 225w, https:\/\/site.ac-martinique.fr\/circonscription-trinite\/wp-content\/uploads\/sites\/87\/2025\/03\/IMG-20250324-WA0002-1152x1536.jpg 1152w, https:\/\/site.ac-martinique.fr\/circonscription-trinite\/wp-content\/uploads\/sites\/87\/2025\/03\/IMG-20250324-WA0002.jpg 1200w\" sizes=\"auto, (max-width: 768px) 100vw, 768px\" \/><\/figure>\n<\/figure>\n\n\n\n<p class=\"has-large-font-size\">Un grand bravo \u00e0 nos <strong>apprentis navigateurs<\/strong>, qui ont su relever le d\u00e9fi avec s\u00e9rieux et bonne humeur. \ud83c\udfc5\u26f5<\/p>\n","protected":false},"excerpt":{"rendered":"<p>Cette semaine, les \u00e9l\u00e8ves de CM2 de Robert Platon ont eu la chance de profiter d&#8217;un temps id\u00e9al pour une belle s\u00e9ance de voile. \ud83c\udf1e\ud83c\udf0a Accompagn\u00e9s de leurs enseignants et&hellip; <a class=\"more-link\" href=\"https:\/\/site.ac-martinique.fr\/circonscription-trinite\/?p=6527\">Poursuivre la lecture <span class=\"screen-reader-text\">Cap sur l&#8217;aventure avec les CM2 de Robert Platon ! \u26f5<\/span><\/a><\/p>\n","protected":false},"author":272,"featured_media":6528,"comment_status":"closed","ping_status":"closed","sticky":false,"template":"","format":"standard","meta":{"footnotes":"","_links_to":"","_links_to_target":""},"categories":[68,7],"tags":[],"class_list":["post-6527","post","type-post","status-publish","format-standard","has-post-thumbnail","hentry","category-eps","category-productiondesecoles","entry"],"amp_enabled":true,"_links":{"self":[{"href":"https:\/\/site.ac-martinique.fr\/circonscription-trinite\/index.php?rest_route=\/wp\/v2\/posts\/6527","targetHints":{"allow":["GET"]}}],"collection":[{"href":"https:\/\/site.ac-martinique.fr\/circonscription-trinite\/index.php?rest_route=\/wp\/v2\/posts"}],"about":[{"href":"https:\/\/site.ac-martinique.fr\/circonscription-trinite\/index.php?rest_route=\/wp\/v2\/types\/post"}],"author":[{"embeddable":true,"href":"https:\/\/site.ac-martinique.fr\/circonscription-trinite\/index.php?rest_route=\/wp\/v2\/users\/272"}],"replies":[{"embeddable":true,"href":"https:\/\/site.ac-martinique.fr\/circonscription-trinite\/index.php?rest_route=%2Fwp%2Fv2%2Fcomments&post=6527"}],"version-history":[{"count":1,"href":"https:\/\/site.ac-martinique.fr\/circonscription-trinite\/index.php?rest_route=\/wp\/v2\/posts\/6527\/revisions"}],"predecessor-version":[{"id":6542,"href":"https:\/\/site.ac-martinique.fr\/circonscription-trinite\/index.php?rest_route=\/wp\/v2\/posts\/6527\/revisions\/6542"}],"wp:featuredmedia":[{"embeddable":true,"href":"https:\/\/site.ac-martinique.fr\/circonscription-trinite\/index.php?rest_route=\/wp\/v2\/media\/6528"}],"wp:attachment":[{"href":"https:\/\/site.ac-martinique.fr\/circonscription-trinite\/index.php?rest_route=%2Fwp%2Fv2%2Fmedia&parent=6527"}],"wp:term":[{"taxonomy":"category","embeddable":true,"href":"https:\/\/site.ac-martinique.fr\/circonscription-trinite\/index.php?rest_route=%2Fwp%2Fv2%2Fcategories&post=6527"},{"taxonomy":"post_tag","embeddable":true,"href":"https:\/\/site.ac-martinique.fr\/circonscription-trinite\/index.php?rest_route=%2Fwp%2Fv2%2Ftags&post=6527"}],"curies":[{"name":"wp","href":"https:\/\/api.w.org\/{rel}","templated":true}]}}