{"id":6543,"date":"2025-03-27T16:00:03","date_gmt":"2025-03-27T15:00:03","guid":{"rendered":"https:\/\/site.ac-martinique.fr\/circonscription-trinite\/?p=6543"},"modified":"2025-03-27T16:00:05","modified_gmt":"2025-03-27T15:00:05","slug":"le-jardin-des-papiers-fleurit-a-lecole-maternelle-auguste-rejon-%f0%9f%8e%a8%f0%9f%8c%bf","status":"publish","type":"post","link":"https:\/\/site.ac-martinique.fr\/circonscription-trinite\/?p=6543","title":{"rendered":"Le Jardin des Papiers fleurit \u00e0 l\u2019\u00e9cole maternelle Auguste Rejon ! \ud83c\udfa8\ud83c\udf3f"},"content":{"rendered":"\n<p class=\"has-large-font-size\">L\u2019\u00e9cole maternelle <strong>Auguste Rejon<\/strong> s\u2019est transform\u00e9e en un <strong>v\u00e9ritable jardin artistique<\/strong> \u00e0 l\u2019occasion de <strong>La Grande Lessive\u00ae<\/strong>. PartouLt dans la cour, des \u0153uvres suspendues aux fils \u00e0 linge ont pris vie, colorant l\u2019espace de mille et une cr\u00e9ations ! \ud83c\udfa8\u2728<\/p>\n\n\n\n<figure class=\"wp-block-image size-large\"><img loading=\"lazy\" decoding=\"async\" width=\"1024\" height=\"1024\" src=\"https:\/\/site.ac-martinique.fr\/circonscription-trinite\/wp-content\/uploads\/sites\/87\/2025\/03\/WhatsApp-Image-2025-03-24-a-07.55.50_08372ede-1024x1024.jpg\" alt=\"\" class=\"wp-image-6546\" srcset=\"https:\/\/site.ac-martinique.fr\/circonscription-trinite\/wp-content\/uploads\/sites\/87\/2025\/03\/WhatsApp-Image-2025-03-24-a-07.55.50_08372ede-1024x1024.jpg 1024w, https:\/\/site.ac-martinique.fr\/circonscription-trinite\/wp-content\/uploads\/sites\/87\/2025\/03\/WhatsApp-Image-2025-03-24-a-07.55.50_08372ede-300x300.jpg 300w, https:\/\/site.ac-martinique.fr\/circonscription-trinite\/wp-content\/uploads\/sites\/87\/2025\/03\/WhatsApp-Image-2025-03-24-a-07.55.50_08372ede-150x150.jpg 150w, https:\/\/site.ac-martinique.fr\/circonscription-trinite\/wp-content\/uploads\/sites\/87\/2025\/03\/WhatsApp-Image-2025-03-24-a-07.55.50_08372ede-768x768.jpg 768w, https:\/\/site.ac-martinique.fr\/circonscription-trinite\/wp-content\/uploads\/sites\/87\/2025\/03\/WhatsApp-Image-2025-03-24-a-07.55.50_08372ede.jpg 1440w\" sizes=\"auto, (max-width: 1024px) 100vw, 1024px\" \/><\/figure>\n\n\n\n<p class=\"has-large-font-size\">Pendant plusieurs jours, les classes ont travaill\u00e9 avec enthousiasme pour pr\u00e9parer leurs r\u00e9alisations. Avec l\u2019aide de leurs enseignants, ils ont d\u00e9couvert <strong>de nouvelles textures<\/strong>, jou\u00e9 avec les couleurs et exp\u00e9riment\u00e9 diff\u00e9rentes techniques artistiques. Un vrai plaisir pour eux\u2026 et pour nous !<\/p>\n\n\n\n<figure class=\"wp-block-image size-large\"><img loading=\"lazy\" decoding=\"async\" width=\"1024\" height=\"1024\" src=\"https:\/\/site.ac-martinique.fr\/circonscription-trinite\/wp-content\/uploads\/sites\/87\/2025\/03\/WhatsApp-Image-2025-03-24-a-07.55.50_00aa6540-1024x1024.jpg\" alt=\"\" class=\"wp-image-6544\" srcset=\"https:\/\/site.ac-martinique.fr\/circonscription-trinite\/wp-content\/uploads\/sites\/87\/2025\/03\/WhatsApp-Image-2025-03-24-a-07.55.50_00aa6540-1024x1024.jpg 1024w, https:\/\/site.ac-martinique.fr\/circonscription-trinite\/wp-content\/uploads\/sites\/87\/2025\/03\/WhatsApp-Image-2025-03-24-a-07.55.50_00aa6540-300x300.jpg 300w, https:\/\/site.ac-martinique.fr\/circonscription-trinite\/wp-content\/uploads\/sites\/87\/2025\/03\/WhatsApp-Image-2025-03-24-a-07.55.50_00aa6540-150x150.jpg 150w, https:\/\/site.ac-martinique.fr\/circonscription-trinite\/wp-content\/uploads\/sites\/87\/2025\/03\/WhatsApp-Image-2025-03-24-a-07.55.50_00aa6540-768x768.jpg 768w, https:\/\/site.ac-martinique.fr\/circonscription-trinite\/wp-content\/uploads\/sites\/87\/2025\/03\/WhatsApp-Image-2025-03-24-a-07.55.50_00aa6540.jpg 1440w\" sizes=\"auto, (max-width: 1024px) 100vw, 1024px\" \/><\/figure>\n","protected":false},"excerpt":{"rendered":"<p>L\u2019\u00e9cole maternelle Auguste Rejon s\u2019est transform\u00e9e en un v\u00e9ritable jardin artistique \u00e0 l\u2019occasion de La Grande Lessive\u00ae. PartouLt dans la cour, des \u0153uvres suspendues aux fils \u00e0 linge ont pris&hellip; <a class=\"more-link\" href=\"https:\/\/site.ac-martinique.fr\/circonscription-trinite\/?p=6543\">Poursuivre la lecture <span class=\"screen-reader-text\">Le Jardin des Papiers fleurit \u00e0 l\u2019\u00e9cole maternelle Auguste Rejon ! \ud83c\udfa8\ud83c\udf3f<\/span><\/a><\/p>\n","protected":false},"author":272,"featured_media":6545,"comment_status":"closed","ping_status":"closed","sticky":false,"template":"","format":"standard","meta":{"footnotes":"","_links_to":"","_links_to_target":""},"categories":[7],"tags":[],"class_list":["post-6543","post","type-post","status-publish","format-standard","has-post-thumbnail","hentry","category-productiondesecoles","entry"],"amp_enabled":true,"_links":{"self":[{"href":"https:\/\/site.ac-martinique.fr\/circonscription-trinite\/index.php?rest_route=\/wp\/v2\/posts\/6543","targetHints":{"allow":["GET"]}}],"collection":[{"href":"https:\/\/site.ac-martinique.fr\/circonscription-trinite\/index.php?rest_route=\/wp\/v2\/posts"}],"about":[{"href":"https:\/\/site.ac-martinique.fr\/circonscription-trinite\/index.php?rest_route=\/wp\/v2\/types\/post"}],"author":[{"embeddable":true,"href":"https:\/\/site.ac-martinique.fr\/circonscription-trinite\/index.php?rest_route=\/wp\/v2\/users\/272"}],"replies":[{"embeddable":true,"href":"https:\/\/site.ac-martinique.fr\/circonscription-trinite\/index.php?rest_route=%2Fwp%2Fv2%2Fcomments&post=6543"}],"version-history":[{"count":1,"href":"https:\/\/site.ac-martinique.fr\/circonscription-trinite\/index.php?rest_route=\/wp\/v2\/posts\/6543\/revisions"}],"predecessor-version":[{"id":6547,"href":"https:\/\/site.ac-martinique.fr\/circonscription-trinite\/index.php?rest_route=\/wp\/v2\/posts\/6543\/revisions\/6547"}],"wp:featuredmedia":[{"embeddable":true,"href":"https:\/\/site.ac-martinique.fr\/circonscription-trinite\/index.php?rest_route=\/wp\/v2\/media\/6545"}],"wp:attachment":[{"href":"https:\/\/site.ac-martinique.fr\/circonscription-trinite\/index.php?rest_route=%2Fwp%2Fv2%2Fmedia&parent=6543"}],"wp:term":[{"taxonomy":"category","embeddable":true,"href":"https:\/\/site.ac-martinique.fr\/circonscription-trinite\/index.php?rest_route=%2Fwp%2Fv2%2Fcategories&post=6543"},{"taxonomy":"post_tag","embeddable":true,"href":"https:\/\/site.ac-martinique.fr\/circonscription-trinite\/index.php?rest_route=%2Fwp%2Fv2%2Ftags&post=6543"}],"curies":[{"name":"wp","href":"https:\/\/api.w.org\/{rel}","templated":true}]}}