{"id":6574,"date":"2025-03-27T16:47:26","date_gmt":"2025-03-27T15:47:26","guid":{"rendered":"https:\/\/site.ac-martinique.fr\/circonscription-trinite\/?p=6574"},"modified":"2025-03-27T19:26:42","modified_gmt":"2025-03-27T18:26:42","slug":"journee-nationale-des-atsem-a-la-maternelle-auguste-rejon","status":"publish","type":"post","link":"https:\/\/site.ac-martinique.fr\/circonscription-trinite\/?p=6574","title":{"rendered":"Journ\u00e9e nationale des ATSEM \u00e0 la maternelle Auguste R\u00e9jon"},"content":{"rendered":"\n<p>Le vendredi 21 mars 2025, l\u2019\u00e9cole maternelle Auguste R\u00e9jon a c\u00e9l\u00e9br\u00e9 avec enthousiasme la Journ\u00e9e nationale des ATSEM.<\/p>\n\n\n\n<p> Une occasion pr\u00e9cieuse de mettre en lumi\u00e8re le r\u00f4le essentiel de ces professionnels qui accompagnent chaque jour les enfants dans leur apprentissage et leur bien-\u00eatre.<\/p>\n\n\n\n<h2 class=\"wp-block-heading\">Un hommage m\u00e9rit\u00e9<\/h2>\n\n\n\n<p>\u00c0 la maternelle Auguste R\u00e9jon, les ATSEM sont bien plus que de simples assistants : ils sont des rep\u00e8res rassurants pour les tout-petits, des soutiens indispensables pour les enseignants et des piliers de la vie scolaire. Pour leur t\u00e9moigner reconnaissance et gratitude, l\u2019\u00e9quipe p\u00e9dagogique et les \u00e9l\u00e8ves ont organis\u00e9 une matin\u00e9e pleine de surprises.<\/p>\n\n\n\n<figure class=\"wp-block-image size-large\"><img loading=\"lazy\" decoding=\"async\" width=\"1024\" height=\"1024\" src=\"https:\/\/site.ac-martinique.fr\/circonscription-trinite\/wp-content\/uploads\/sites\/87\/2025\/03\/IMG-20250325-WA0021-1024x1024.jpg\" alt=\"\" class=\"wp-image-6576\" srcset=\"https:\/\/site.ac-martinique.fr\/circonscription-trinite\/wp-content\/uploads\/sites\/87\/2025\/03\/IMG-20250325-WA0021-1024x1024.jpg 1024w, https:\/\/site.ac-martinique.fr\/circonscription-trinite\/wp-content\/uploads\/sites\/87\/2025\/03\/IMG-20250325-WA0021-300x300.jpg 300w, https:\/\/site.ac-martinique.fr\/circonscription-trinite\/wp-content\/uploads\/sites\/87\/2025\/03\/IMG-20250325-WA0021-150x150.jpg 150w, https:\/\/site.ac-martinique.fr\/circonscription-trinite\/wp-content\/uploads\/sites\/87\/2025\/03\/IMG-20250325-WA0021-768x768.jpg 768w, https:\/\/site.ac-martinique.fr\/circonscription-trinite\/wp-content\/uploads\/sites\/87\/2025\/03\/IMG-20250325-WA0021.jpg 1440w\" sizes=\"auto, (max-width: 1024px) 100vw, 1024px\" \/><\/figure>\n\n\n\n<h2 class=\"wp-block-heading\">Un r\u00f4le cl\u00e9 dans la r\u00e9ussite des \u00e9l\u00e8ves<\/h2>\n\n\n\n<p>Cette journ\u00e9e a \u00e9t\u00e9 l\u2019occasion de rappeler combien les ATSEM jouent un r\u00f4le cl\u00e9 dans le d\u00e9veloppement des enfants : ils veillent \u00e0 leur hygi\u00e8ne, les aident dans leurs premiers apprentissages et leur offrent un cadre rassurant pour grandir en toute confiance.L\u2019\u00e9cole maternelle Auguste R\u00e9jon est fi\u00e8re de pouvoir compter sur des ATSEM engag\u00e9s et bienveillants, et cette journ\u00e9e \u00e9tait une belle mani\u00e8re de leur dire merci !<\/p>\n","protected":false},"excerpt":{"rendered":"<p>Le vendredi 21 mars 2025, l\u2019\u00e9cole maternelle Auguste R\u00e9jon a c\u00e9l\u00e9br\u00e9 avec enthousiasme la Journ\u00e9e nationale des ATSEM. Une occasion pr\u00e9cieuse de mettre en lumi\u00e8re le r\u00f4le essentiel de ces&hellip; <a class=\"more-link\" href=\"https:\/\/site.ac-martinique.fr\/circonscription-trinite\/?p=6574\">Poursuivre la lecture <span class=\"screen-reader-text\">Journ\u00e9e nationale des ATSEM \u00e0 la maternelle Auguste R\u00e9jon<\/span><\/a><\/p>\n","protected":false},"author":272,"featured_media":6575,"comment_status":"closed","ping_status":"closed","sticky":false,"template":"","format":"standard","meta":{"footnotes":"","_links_to":"","_links_to_target":""},"categories":[7],"tags":[],"class_list":["post-6574","post","type-post","status-publish","format-standard","has-post-thumbnail","hentry","category-productiondesecoles","entry"],"amp_enabled":true,"_links":{"self":[{"href":"https:\/\/site.ac-martinique.fr\/circonscription-trinite\/index.php?rest_route=\/wp\/v2\/posts\/6574","targetHints":{"allow":["GET"]}}],"collection":[{"href":"https:\/\/site.ac-martinique.fr\/circonscription-trinite\/index.php?rest_route=\/wp\/v2\/posts"}],"about":[{"href":"https:\/\/site.ac-martinique.fr\/circonscription-trinite\/index.php?rest_route=\/wp\/v2\/types\/post"}],"author":[{"embeddable":true,"href":"https:\/\/site.ac-martinique.fr\/circonscription-trinite\/index.php?rest_route=\/wp\/v2\/users\/272"}],"replies":[{"embeddable":true,"href":"https:\/\/site.ac-martinique.fr\/circonscription-trinite\/index.php?rest_route=%2Fwp%2Fv2%2Fcomments&post=6574"}],"version-history":[{"count":1,"href":"https:\/\/site.ac-martinique.fr\/circonscription-trinite\/index.php?rest_route=\/wp\/v2\/posts\/6574\/revisions"}],"predecessor-version":[{"id":6577,"href":"https:\/\/site.ac-martinique.fr\/circonscription-trinite\/index.php?rest_route=\/wp\/v2\/posts\/6574\/revisions\/6577"}],"wp:featuredmedia":[{"embeddable":true,"href":"https:\/\/site.ac-martinique.fr\/circonscription-trinite\/index.php?rest_route=\/wp\/v2\/media\/6575"}],"wp:attachment":[{"href":"https:\/\/site.ac-martinique.fr\/circonscription-trinite\/index.php?rest_route=%2Fwp%2Fv2%2Fmedia&parent=6574"}],"wp:term":[{"taxonomy":"category","embeddable":true,"href":"https:\/\/site.ac-martinique.fr\/circonscription-trinite\/index.php?rest_route=%2Fwp%2Fv2%2Fcategories&post=6574"},{"taxonomy":"post_tag","embeddable":true,"href":"https:\/\/site.ac-martinique.fr\/circonscription-trinite\/index.php?rest_route=%2Fwp%2Fv2%2Ftags&post=6574"}],"curies":[{"name":"wp","href":"https:\/\/api.w.org\/{rel}","templated":true}]}}