{"id":6578,"date":"2025-03-27T17:02:08","date_gmt":"2025-03-27T16:02:08","guid":{"rendered":"https:\/\/site.ac-martinique.fr\/circonscription-trinite\/?p=6578"},"modified":"2025-03-27T17:02:10","modified_gmt":"2025-03-27T16:02:10","slug":"a-la-decouverte-de-la-foret-de-pointe-rouge-pour-auguste-rejon-elementaire","status":"publish","type":"post","link":"https:\/\/site.ac-martinique.fr\/circonscription-trinite\/?p=6578","title":{"rendered":"\u00c0 la d\u00e9couverte de la for\u00eat de Pointe Rouge pour Auguste Rejon \u00e9l\u00e9mentaire"},"content":{"rendered":"\n<p>Les \u00e9l\u00e8ves de l\u2019EEPU Auguste R\u00e9jon ont eu l\u2019opportunit\u00e9 de vivre une exp\u00e9rience inoubliable au c\u0153ur de la for\u00eat de Pointe Rouge. Cette sortie, \u00e0 la fois \u00e9ducative et immersive, leur a permis d\u2019explorer la richesse de notre patrimoine naturel tout en d\u00e9veloppant leur sens de l\u2019observation et leur curiosit\u00e9 pour l\u2019environnement.<\/p>\n\n\n\n<h2 class=\"wp-block-heading\">Une immersion en pleine nature<\/h2>\n\n\n\n<p>Accompagn\u00e9s de leurs enseignants et de guides passionn\u00e9s, les \u00e9l\u00e8ves ont emprunt\u00e9 les sentiers verdoyants de la for\u00eat, d\u00e9couvrant au fil de leur marche une biodiversit\u00e9 exceptionnelle. Entre les arbres majestueux, les lianes suspendues et les chants d\u2019oiseaux tropicaux, chaque pas \u00e9tait une invitation \u00e0 l\u2019\u00e9merveillement.Les guides ont pris le temps d\u2019expliquer l\u2019importance de cet \u00e9cosyst\u00e8me, sensibilisant les enfants \u00e0 la pr\u00e9servation des espaces naturels. Ils ont appris \u00e0 reconna\u00eetre certaines essences d\u2019arbres, observ\u00e9 des insectes fascinants et m\u00eame d\u00e9couvert des plantes aux propri\u00e9t\u00e9s \u00e9tonnantes.<\/p>\n\n\n\n<h2 class=\"wp-block-heading\">Une exp\u00e9rience sensorielle et p\u00e9dagogique<\/h2>\n\n\n\n<div class=\"wp-block-columns is-layout-flex wp-container-core-columns-is-layout-d0b3c9c8 wp-block-columns-is-layout-flex\">\n<div class=\"wp-block-column is-layout-flow wp-block-column-is-layout-flow\" style=\"--col-width:50%;flex-basis:50%\">\n<figure class=\"wp-block-image size-large\"><img loading=\"lazy\" decoding=\"async\" width=\"768\" height=\"1024\" src=\"https:\/\/site.ac-martinique.fr\/circonscription-trinite\/wp-content\/uploads\/sites\/87\/2025\/03\/IMG-20250327-WA0027-1-768x1024.jpg\" alt=\"\" class=\"wp-image-6584\" srcset=\"https:\/\/site.ac-martinique.fr\/circonscription-trinite\/wp-content\/uploads\/sites\/87\/2025\/03\/IMG-20250327-WA0027-1-768x1024.jpg 768w, https:\/\/site.ac-martinique.fr\/circonscription-trinite\/wp-content\/uploads\/sites\/87\/2025\/03\/IMG-20250327-WA0027-1-225x300.jpg 225w, https:\/\/site.ac-martinique.fr\/circonscription-trinite\/wp-content\/uploads\/sites\/87\/2025\/03\/IMG-20250327-WA0027-1-1152x1536.jpg 1152w, https:\/\/site.ac-martinique.fr\/circonscription-trinite\/wp-content\/uploads\/sites\/87\/2025\/03\/IMG-20250327-WA0027-1.jpg 1200w\" sizes=\"auto, (max-width: 768px) 100vw, 768px\" \/><\/figure>\n<\/div>\n\n\n\n<div class=\"wp-block-column is-layout-flow wp-block-column-is-layout-flow\" style=\"--col-width:50%;flex-basis:50%\">\n<p>Cette balade n\u2019\u00e9tait pas qu\u2019une simple promenade, mais une v\u00e9ritable exp\u00e9rience sensorielle :\u00c9couter les bruits de la for\u00eat, du vent dans les feuilles aux cris des oiseaux :<\/p>\n\n\n\n<ul class=\"wp-block-list\">\n<li>Toucher l\u2019\u00e9corce rugueuse des arbres et la douceur de certaines feuilles<\/li>\n\n\n\n<li>Sentir les parfums subtils des plantes et de la terre humide<\/li>\n\n\n\n<li>Observer les jeux de lumi\u00e8re \u00e0 travers la canop\u00e9e et les nuances de vert infinies<\/li>\n<\/ul>\n<\/div>\n<\/div>\n\n\n\n<h2 class=\"wp-block-heading\">Un moment de partage et de sensibilisation<\/h2>\n\n\n\n<p>Au-del\u00e0 de l\u2019apprentissage, cette sortie a renforc\u00e9 la coh\u00e9sion entre les \u00e9l\u00e8ves et leur lien avec la nature. Loin des salles de classe, ils ont pu prendre conscience de la beaut\u00e9 et de la fragilit\u00e9 de leur environnement et comprendre l\u2019importance de le prot\u00e9ger.<\/p>\n\n\n\n<figure class=\"wp-block-gallery has-nested-images columns-default is-cropped wp-block-gallery-1 is-layout-flex wp-block-gallery-is-layout-flex\">\n<figure class=\"wp-block-image size-large\"><img loading=\"lazy\" decoding=\"async\" width=\"768\" height=\"1024\" data-id=\"6582\" src=\"https:\/\/site.ac-martinique.fr\/circonscription-trinite\/wp-content\/uploads\/sites\/87\/2025\/03\/IMG-20250327-WA0024-768x1024.jpg\" alt=\"\" class=\"wp-image-6582\" srcset=\"https:\/\/site.ac-martinique.fr\/circonscription-trinite\/wp-content\/uploads\/sites\/87\/2025\/03\/IMG-20250327-WA0024-768x1024.jpg 768w, https:\/\/site.ac-martinique.fr\/circonscription-trinite\/wp-content\/uploads\/sites\/87\/2025\/03\/IMG-20250327-WA0024-225x300.jpg 225w, https:\/\/site.ac-martinique.fr\/circonscription-trinite\/wp-content\/uploads\/sites\/87\/2025\/03\/IMG-20250327-WA0024.jpg 960w\" sizes=\"auto, (max-width: 768px) 100vw, 768px\" \/><\/figure>\n\n\n\n<figure class=\"wp-block-image size-large\"><img loading=\"lazy\" decoding=\"async\" width=\"768\" height=\"1024\" data-id=\"6581\" src=\"https:\/\/site.ac-martinique.fr\/circonscription-trinite\/wp-content\/uploads\/sites\/87\/2025\/03\/IMG-20250327-WA0025-768x1024.jpg\" alt=\"\" class=\"wp-image-6581\" srcset=\"https:\/\/site.ac-martinique.fr\/circonscription-trinite\/wp-content\/uploads\/sites\/87\/2025\/03\/IMG-20250327-WA0025-768x1024.jpg 768w, https:\/\/site.ac-martinique.fr\/circonscription-trinite\/wp-content\/uploads\/sites\/87\/2025\/03\/IMG-20250327-WA0025-225x300.jpg 225w, https:\/\/site.ac-martinique.fr\/circonscription-trinite\/wp-content\/uploads\/sites\/87\/2025\/03\/IMG-20250327-WA0025.jpg 960w\" sizes=\"auto, (max-width: 768px) 100vw, 768px\" \/><\/figure>\n<\/figure>\n\n\n\n<p>Une journ\u00e9e riche en d\u00e9couvertes et en \u00e9motions, qui laissera sans aucun doute de beaux souvenirs \u00e0 nos jeunes explorateurs !<\/p>\n","protected":false},"excerpt":{"rendered":"<p>Les \u00e9l\u00e8ves de l\u2019EEPU Auguste R\u00e9jon ont eu l\u2019opportunit\u00e9 de vivre une exp\u00e9rience inoubliable au c\u0153ur de la for\u00eat de Pointe Rouge. Cette sortie, \u00e0 la fois \u00e9ducative et immersive,&hellip; <a class=\"more-link\" href=\"https:\/\/site.ac-martinique.fr\/circonscription-trinite\/?p=6578\">Poursuivre la lecture <span class=\"screen-reader-text\">\u00c0 la d\u00e9couverte de la for\u00eat de Pointe Rouge pour Auguste Rejon \u00e9l\u00e9mentaire<\/span><\/a><\/p>\n","protected":false},"author":272,"featured_media":6583,"comment_status":"closed","ping_status":"closed","sticky":false,"template":"","format":"standard","meta":{"footnotes":"","_links_to":"","_links_to_target":""},"categories":[7],"tags":[],"class_list":["post-6578","post","type-post","status-publish","format-standard","has-post-thumbnail","hentry","category-productiondesecoles","entry"],"amp_enabled":true,"_links":{"self":[{"href":"https:\/\/site.ac-martinique.fr\/circonscription-trinite\/index.php?rest_route=\/wp\/v2\/posts\/6578","targetHints":{"allow":["GET"]}}],"collection":[{"href":"https:\/\/site.ac-martinique.fr\/circonscription-trinite\/index.php?rest_route=\/wp\/v2\/posts"}],"about":[{"href":"https:\/\/site.ac-martinique.fr\/circonscription-trinite\/index.php?rest_route=\/wp\/v2\/types\/post"}],"author":[{"embeddable":true,"href":"https:\/\/site.ac-martinique.fr\/circonscription-trinite\/index.php?rest_route=\/wp\/v2\/users\/272"}],"replies":[{"embeddable":true,"href":"https:\/\/site.ac-martinique.fr\/circonscription-trinite\/index.php?rest_route=%2Fwp%2Fv2%2Fcomments&post=6578"}],"version-history":[{"count":1,"href":"https:\/\/site.ac-martinique.fr\/circonscription-trinite\/index.php?rest_route=\/wp\/v2\/posts\/6578\/revisions"}],"predecessor-version":[{"id":6586,"href":"https:\/\/site.ac-martinique.fr\/circonscription-trinite\/index.php?rest_route=\/wp\/v2\/posts\/6578\/revisions\/6586"}],"wp:featuredmedia":[{"embeddable":true,"href":"https:\/\/site.ac-martinique.fr\/circonscription-trinite\/index.php?rest_route=\/wp\/v2\/media\/6583"}],"wp:attachment":[{"href":"https:\/\/site.ac-martinique.fr\/circonscription-trinite\/index.php?rest_route=%2Fwp%2Fv2%2Fmedia&parent=6578"}],"wp:term":[{"taxonomy":"category","embeddable":true,"href":"https:\/\/site.ac-martinique.fr\/circonscription-trinite\/index.php?rest_route=%2Fwp%2Fv2%2Fcategories&post=6578"},{"taxonomy":"post_tag","embeddable":true,"href":"https:\/\/site.ac-martinique.fr\/circonscription-trinite\/index.php?rest_route=%2Fwp%2Fv2%2Ftags&post=6578"}],"curies":[{"name":"wp","href":"https:\/\/api.w.org\/{rel}","templated":true}]}}