{"id":6587,"date":"2025-03-27T17:05:14","date_gmt":"2025-03-27T16:05:14","guid":{"rendered":"https:\/\/site.ac-martinique.fr\/circonscription-trinite\/?p=6587"},"modified":"2025-03-27T17:05:14","modified_gmt":"2025-03-27T16:05:14","slug":"rencontre-inspirante-entre-gaetanne-pastel-et-ultimavestris","status":"publish","type":"post","link":"https:\/\/site.ac-martinique.fr\/circonscription-trinite\/?p=6587","title":{"rendered":"Rencontre inspirante entre Gaetanne Pastel et UltimaVestris"},"content":{"rendered":"\n<p>Le mardi 25 mars, les \u00e9l\u00e8ves des cours moyens de l&#8217;\u00e9cole Ultima Vestris ont eu la chance de rencontrer Gaetanne Pastel, relayeuse de la flamme olympique. Une rencontre marquante qui leur a permis de d\u00e9couvrir de pr\u00e8s l\u2019esprit des Jeux Olympiques et les valeurs du sport.<\/p>\n\n\n\n<p><\/p>\n","protected":false},"excerpt":{"rendered":"<p>Le mardi 25 mars, les \u00e9l\u00e8ves des cours moyens de l&#8217;\u00e9cole Ultima Vestris ont eu la chance de rencontrer Gaetanne Pastel, relayeuse de la flamme olympique. Une rencontre marquante qui&hellip; <a class=\"more-link\" href=\"https:\/\/site.ac-martinique.fr\/circonscription-trinite\/?p=6587\">Poursuivre la lecture <span class=\"screen-reader-text\">Rencontre inspirante entre Gaetanne Pastel et UltimaVestris<\/span><\/a><\/p>\n","protected":false},"author":272,"featured_media":6588,"comment_status":"closed","ping_status":"","sticky":false,"template":"","format":"standard","meta":{"footnotes":"","_links_to":"","_links_to_target":""},"categories":[7],"tags":[],"class_list":["post-6587","post","type-post","status-publish","format-standard","has-post-thumbnail","hentry","category-productiondesecoles","entry"],"amp_enabled":true,"_links":{"self":[{"href":"https:\/\/site.ac-martinique.fr\/circonscription-trinite\/index.php?rest_route=\/wp\/v2\/posts\/6587","targetHints":{"allow":["GET"]}}],"collection":[{"href":"https:\/\/site.ac-martinique.fr\/circonscription-trinite\/index.php?rest_route=\/wp\/v2\/posts"}],"about":[{"href":"https:\/\/site.ac-martinique.fr\/circonscription-trinite\/index.php?rest_route=\/wp\/v2\/types\/post"}],"author":[{"embeddable":true,"href":"https:\/\/site.ac-martinique.fr\/circonscription-trinite\/index.php?rest_route=\/wp\/v2\/users\/272"}],"replies":[{"embeddable":true,"href":"https:\/\/site.ac-martinique.fr\/circonscription-trinite\/index.php?rest_route=%2Fwp%2Fv2%2Fcomments&post=6587"}],"version-history":[{"count":1,"href":"https:\/\/site.ac-martinique.fr\/circonscription-trinite\/index.php?rest_route=\/wp\/v2\/posts\/6587\/revisions"}],"predecessor-version":[{"id":6589,"href":"https:\/\/site.ac-martinique.fr\/circonscription-trinite\/index.php?rest_route=\/wp\/v2\/posts\/6587\/revisions\/6589"}],"wp:featuredmedia":[{"embeddable":true,"href":"https:\/\/site.ac-martinique.fr\/circonscription-trinite\/index.php?rest_route=\/wp\/v2\/media\/6588"}],"wp:attachment":[{"href":"https:\/\/site.ac-martinique.fr\/circonscription-trinite\/index.php?rest_route=%2Fwp%2Fv2%2Fmedia&parent=6587"}],"wp:term":[{"taxonomy":"category","embeddable":true,"href":"https:\/\/site.ac-martinique.fr\/circonscription-trinite\/index.php?rest_route=%2Fwp%2Fv2%2Fcategories&post=6587"},{"taxonomy":"post_tag","embeddable":true,"href":"https:\/\/site.ac-martinique.fr\/circonscription-trinite\/index.php?rest_route=%2Fwp%2Fv2%2Ftags&post=6587"}],"curies":[{"name":"wp","href":"https:\/\/api.w.org\/{rel}","templated":true}]}}