{"id":6590,"date":"2025-03-31T15:41:09","date_gmt":"2025-03-31T13:41:09","guid":{"rendered":"https:\/\/site.ac-martinique.fr\/circonscription-trinite\/?p=6590"},"modified":"2025-03-31T15:41:09","modified_gmt":"2025-03-31T13:41:09","slug":"semaine-du-creole-a-robert-platon","status":"publish","type":"post","link":"https:\/\/site.ac-martinique.fr\/circonscription-trinite\/?p=6590","title":{"rendered":"Semaine du cr\u00e9ole \u00e0 Robert Platon"},"content":{"rendered":"\n<div class=\"wp-block-columns is-layout-flex wp-container-core-columns-is-layout-d0b3c9c8 wp-block-columns-is-layout-flex\">\n<div class=\"wp-block-column is-layout-flow wp-block-column-is-layout-flow\" style=\"--col-width:33.33%;flex-basis:33.33%\">\n<figure class=\"wp-block-image size-large\"><img loading=\"lazy\" decoding=\"async\" width=\"768\" height=\"1024\" src=\"https:\/\/site.ac-martinique.fr\/circonscription-trinite\/wp-content\/uploads\/sites\/87\/2025\/03\/WhatsApp-Image-2025-03-28-a-20.19.08_54872299-768x1024.jpg\" alt=\"\" class=\"wp-image-6592\" srcset=\"https:\/\/site.ac-martinique.fr\/circonscription-trinite\/wp-content\/uploads\/sites\/87\/2025\/03\/WhatsApp-Image-2025-03-28-a-20.19.08_54872299-768x1024.jpg 768w, https:\/\/site.ac-martinique.fr\/circonscription-trinite\/wp-content\/uploads\/sites\/87\/2025\/03\/WhatsApp-Image-2025-03-28-a-20.19.08_54872299-225x300.jpg 225w, https:\/\/site.ac-martinique.fr\/circonscription-trinite\/wp-content\/uploads\/sites\/87\/2025\/03\/WhatsApp-Image-2025-03-28-a-20.19.08_54872299-1152x1536.jpg 1152w, https:\/\/site.ac-martinique.fr\/circonscription-trinite\/wp-content\/uploads\/sites\/87\/2025\/03\/WhatsApp-Image-2025-03-28-a-20.19.08_54872299.jpg 1200w\" sizes=\"auto, (max-width: 768px) 100vw, 768px\" \/><\/figure>\n<\/div>\n\n\n\n<div class=\"wp-block-column is-layout-flow wp-block-column-is-layout-flow\" style=\"--col-width:66.66%;flex-basis:66.66%\">\n<p class=\"has-h-3-font-size\">Cette semaine, l&#8217;\u00e9cole Robert Platon a vibr\u00e9 au rythme du cr\u00e9ole avec une s\u00e9rie d&#8217;activit\u00e9s culturelles riches et vari\u00e9es. L&#8217;un des moments forts de cette c\u00e9l\u00e9bration a \u00e9t\u00e9 la venue du percussionniste et conteur <strong>R\u00e9gis RODRIGUE<\/strong>.<\/p>\n\n\n\n<p class=\"has-h-3-font-size\">Avec passion et talent, il a su captiver les \u00e9l\u00e8ves en partageant des contes traditionnels et en les initiant aux rythmes des tambours. <\/p>\n<\/div>\n<\/div>\n\n\n\n<p class=\"has-h-3-font-size\">Son intervention a permis aux enfants de d\u00e9couvrir ou red\u00e9couvrir la richesse de notre patrimoine oral et musical.<\/p>\n","protected":false},"excerpt":{"rendered":"<p>Cette semaine, l&#8217;\u00e9cole Robert Platon a vibr\u00e9 au rythme du cr\u00e9ole avec une s\u00e9rie d&#8217;activit\u00e9s culturelles riches et vari\u00e9es. L&#8217;un des moments forts de cette c\u00e9l\u00e9bration a \u00e9t\u00e9 la venue&hellip; <a class=\"more-link\" href=\"https:\/\/site.ac-martinique.fr\/circonscription-trinite\/?p=6590\">Poursuivre la lecture <span class=\"screen-reader-text\">Semaine du cr\u00e9ole \u00e0 Robert Platon<\/span><\/a><\/p>\n","protected":false},"author":272,"featured_media":6591,"comment_status":"closed","ping_status":"","sticky":false,"template":"","format":"standard","meta":{"footnotes":"","_links_to":"","_links_to_target":""},"categories":[7],"tags":[],"class_list":["post-6590","post","type-post","status-publish","format-standard","has-post-thumbnail","hentry","category-productiondesecoles","entry"],"amp_enabled":true,"_links":{"self":[{"href":"https:\/\/site.ac-martinique.fr\/circonscription-trinite\/index.php?rest_route=\/wp\/v2\/posts\/6590","targetHints":{"allow":["GET"]}}],"collection":[{"href":"https:\/\/site.ac-martinique.fr\/circonscription-trinite\/index.php?rest_route=\/wp\/v2\/posts"}],"about":[{"href":"https:\/\/site.ac-martinique.fr\/circonscription-trinite\/index.php?rest_route=\/wp\/v2\/types\/post"}],"author":[{"embeddable":true,"href":"https:\/\/site.ac-martinique.fr\/circonscription-trinite\/index.php?rest_route=\/wp\/v2\/users\/272"}],"replies":[{"embeddable":true,"href":"https:\/\/site.ac-martinique.fr\/circonscription-trinite\/index.php?rest_route=%2Fwp%2Fv2%2Fcomments&post=6590"}],"version-history":[{"count":1,"href":"https:\/\/site.ac-martinique.fr\/circonscription-trinite\/index.php?rest_route=\/wp\/v2\/posts\/6590\/revisions"}],"predecessor-version":[{"id":6593,"href":"https:\/\/site.ac-martinique.fr\/circonscription-trinite\/index.php?rest_route=\/wp\/v2\/posts\/6590\/revisions\/6593"}],"wp:featuredmedia":[{"embeddable":true,"href":"https:\/\/site.ac-martinique.fr\/circonscription-trinite\/index.php?rest_route=\/wp\/v2\/media\/6591"}],"wp:attachment":[{"href":"https:\/\/site.ac-martinique.fr\/circonscription-trinite\/index.php?rest_route=%2Fwp%2Fv2%2Fmedia&parent=6590"}],"wp:term":[{"taxonomy":"category","embeddable":true,"href":"https:\/\/site.ac-martinique.fr\/circonscription-trinite\/index.php?rest_route=%2Fwp%2Fv2%2Fcategories&post=6590"},{"taxonomy":"post_tag","embeddable":true,"href":"https:\/\/site.ac-martinique.fr\/circonscription-trinite\/index.php?rest_route=%2Fwp%2Fv2%2Ftags&post=6590"}],"curies":[{"name":"wp","href":"https:\/\/api.w.org\/{rel}","templated":true}]}}