{"id":6594,"date":"2025-03-31T15:42:58","date_gmt":"2025-03-31T13:42:58","guid":{"rendered":"https:\/\/site.ac-martinique.fr\/circonscription-trinite\/?p=6594"},"modified":"2025-03-31T15:42:58","modified_gmt":"2025-03-31T13:42:58","slug":"emile-capgras-cree-contre-le-racisme","status":"publish","type":"post","link":"https:\/\/site.ac-martinique.fr\/circonscription-trinite\/?p=6594","title":{"rendered":"Emile Capgras cr\u00e9e contre le racisme"},"content":{"rendered":"\n<p class=\"has-h-3-font-size\">Concours acad\u00e9mique &#8220;Couleurs d&#8217;humanit\u00e9 : cr\u00e9ons contre le racisme &#8220;<br>Production de la classe de CM1 de l&#8217;\u00e9cole\u00a0\u00c9mile\u00a0Capgras.<\/p>\n","protected":false},"excerpt":{"rendered":"<p>Concours acad\u00e9mique &#8220;Couleurs d&#8217;humanit\u00e9 : cr\u00e9ons contre le racisme &#8220;Production de la classe de CM1 de l&#8217;\u00e9cole\u00a0\u00c9mile\u00a0Capgras.<\/p>\n","protected":false},"author":272,"featured_media":6595,"comment_status":"closed","ping_status":"","sticky":false,"template":"","format":"standard","meta":{"footnotes":"","_links_to":"","_links_to_target":""},"categories":[7],"tags":[],"class_list":["post-6594","post","type-post","status-publish","format-standard","has-post-thumbnail","hentry","category-productiondesecoles","entry"],"amp_enabled":true,"_links":{"self":[{"href":"https:\/\/site.ac-martinique.fr\/circonscription-trinite\/index.php?rest_route=\/wp\/v2\/posts\/6594","targetHints":{"allow":["GET"]}}],"collection":[{"href":"https:\/\/site.ac-martinique.fr\/circonscription-trinite\/index.php?rest_route=\/wp\/v2\/posts"}],"about":[{"href":"https:\/\/site.ac-martinique.fr\/circonscription-trinite\/index.php?rest_route=\/wp\/v2\/types\/post"}],"author":[{"embeddable":true,"href":"https:\/\/site.ac-martinique.fr\/circonscription-trinite\/index.php?rest_route=\/wp\/v2\/users\/272"}],"replies":[{"embeddable":true,"href":"https:\/\/site.ac-martinique.fr\/circonscription-trinite\/index.php?rest_route=%2Fwp%2Fv2%2Fcomments&post=6594"}],"version-history":[{"count":1,"href":"https:\/\/site.ac-martinique.fr\/circonscription-trinite\/index.php?rest_route=\/wp\/v2\/posts\/6594\/revisions"}],"predecessor-version":[{"id":6596,"href":"https:\/\/site.ac-martinique.fr\/circonscription-trinite\/index.php?rest_route=\/wp\/v2\/posts\/6594\/revisions\/6596"}],"wp:featuredmedia":[{"embeddable":true,"href":"https:\/\/site.ac-martinique.fr\/circonscription-trinite\/index.php?rest_route=\/wp\/v2\/media\/6595"}],"wp:attachment":[{"href":"https:\/\/site.ac-martinique.fr\/circonscription-trinite\/index.php?rest_route=%2Fwp%2Fv2%2Fmedia&parent=6594"}],"wp:term":[{"taxonomy":"category","embeddable":true,"href":"https:\/\/site.ac-martinique.fr\/circonscription-trinite\/index.php?rest_route=%2Fwp%2Fv2%2Fcategories&post=6594"},{"taxonomy":"post_tag","embeddable":true,"href":"https:\/\/site.ac-martinique.fr\/circonscription-trinite\/index.php?rest_route=%2Fwp%2Fv2%2Ftags&post=6594"}],"curies":[{"name":"wp","href":"https:\/\/api.w.org\/{rel}","templated":true}]}}