{"id":6912,"date":"2025-10-13T15:56:51","date_gmt":"2025-10-13T13:56:51","guid":{"rendered":"https:\/\/site.ac-martinique.fr\/circonscription-trinite\/?p=6912"},"modified":"2025-11-24T15:03:23","modified_gmt":"2025-11-24T14:03:23","slug":"dictee-de-la-transat-cafe-lor","status":"publish","type":"post","link":"https:\/\/site.ac-martinique.fr\/circonscription-trinite\/?p=6912","title":{"rendered":"Dict\u00e9e de la Transat Caf\u00e9 L\u2019Or"},"content":{"rendered":"\n<p class=\"has-large-font-size\">Les \u00e9l\u00e8ves de CM de l&#8217;\u00e9cole  de Bellevue \u00e0 Trinit\u00e9 et \u00c9mile Capgras au Robert embarquent pour la Dict\u00e9e Transat Caf\u00e9 L&#8217;Or. <\/p>\n\n\n\n<figure class=\"wp-block-image size-large\"><img loading=\"lazy\" decoding=\"async\" width=\"1024\" height=\"768\" src=\"https:\/\/site.ac-martinique.fr\/circonscription-trinite\/wp-content\/uploads\/sites\/87\/2025\/10\/IMG-20251013-WA0026-1024x768.jpg\" alt=\"\" class=\"wp-image-6927\" srcset=\"https:\/\/site.ac-martinique.fr\/circonscription-trinite\/wp-content\/uploads\/sites\/87\/2025\/10\/IMG-20251013-WA0026-1024x768.jpg 1024w, https:\/\/site.ac-martinique.fr\/circonscription-trinite\/wp-content\/uploads\/sites\/87\/2025\/10\/IMG-20251013-WA0026-300x225.jpg 300w, https:\/\/site.ac-martinique.fr\/circonscription-trinite\/wp-content\/uploads\/sites\/87\/2025\/10\/IMG-20251013-WA0026-768x576.jpg 768w, https:\/\/site.ac-martinique.fr\/circonscription-trinite\/wp-content\/uploads\/sites\/87\/2025\/10\/IMG-20251013-WA0026-1536x1152.jpg 1536w, https:\/\/site.ac-martinique.fr\/circonscription-trinite\/wp-content\/uploads\/sites\/87\/2025\/10\/IMG-20251013-WA0026-1568x1176.jpg 1568w, https:\/\/site.ac-martinique.fr\/circonscription-trinite\/wp-content\/uploads\/sites\/87\/2025\/10\/IMG-20251013-WA0026.jpg 1600w\" sizes=\"auto, (max-width: 1024px) 100vw, 1024px\" \/><\/figure>\n\n\n\n<p class=\"has-large-font-size\">Ce lundi 13 octobre, plusieurs \u00e9coles de la circonscription de Trinit\u00e9 ont particip\u00e9 \u00e0 la Dict\u00e9e de la Transat Caf\u00e9 L\u2019Or, un \u00e9v\u00e9nement alliant plaisir des mots et aventure maritime. <\/p>\n\n\n\n<figure class=\"wp-block-gallery has-nested-images columns-default is-cropped wp-block-gallery-1 is-layout-flex wp-block-gallery-is-layout-flex\">\n<figure class=\"wp-block-image size-large\"><img loading=\"lazy\" decoding=\"async\" width=\"1024\" height=\"768\" data-id=\"6928\" src=\"https:\/\/site.ac-martinique.fr\/circonscription-trinite\/wp-content\/uploads\/sites\/87\/2025\/10\/IMG-20251013-WA0025-1024x768.jpg\" alt=\"\" class=\"wp-image-6928\" srcset=\"https:\/\/site.ac-martinique.fr\/circonscription-trinite\/wp-content\/uploads\/sites\/87\/2025\/10\/IMG-20251013-WA0025-1024x768.jpg 1024w, https:\/\/site.ac-martinique.fr\/circonscription-trinite\/wp-content\/uploads\/sites\/87\/2025\/10\/IMG-20251013-WA0025-300x225.jpg 300w, https:\/\/site.ac-martinique.fr\/circonscription-trinite\/wp-content\/uploads\/sites\/87\/2025\/10\/IMG-20251013-WA0025-768x576.jpg 768w, https:\/\/site.ac-martinique.fr\/circonscription-trinite\/wp-content\/uploads\/sites\/87\/2025\/10\/IMG-20251013-WA0025-1536x1152.jpg 1536w, https:\/\/site.ac-martinique.fr\/circonscription-trinite\/wp-content\/uploads\/sites\/87\/2025\/10\/IMG-20251013-WA0025-1568x1176.jpg 1568w, https:\/\/site.ac-martinique.fr\/circonscription-trinite\/wp-content\/uploads\/sites\/87\/2025\/10\/IMG-20251013-WA0025.jpg 1600w\" sizes=\"auto, (max-width: 1024px) 100vw, 1024px\" \/><\/figure>\n\n\n\n<figure class=\"wp-block-image size-large\"><img loading=\"lazy\" decoding=\"async\" width=\"768\" height=\"1024\" data-id=\"6929\" src=\"https:\/\/site.ac-martinique.fr\/circonscription-trinite\/wp-content\/uploads\/sites\/87\/2025\/10\/JPEG_20251013_094525_9009505045868159215-768x1024.jpg\" alt=\"\" class=\"wp-image-6929\" srcset=\"https:\/\/site.ac-martinique.fr\/circonscription-trinite\/wp-content\/uploads\/sites\/87\/2025\/10\/JPEG_20251013_094525_9009505045868159215-768x1024.jpg 768w, https:\/\/site.ac-martinique.fr\/circonscription-trinite\/wp-content\/uploads\/sites\/87\/2025\/10\/JPEG_20251013_094525_9009505045868159215-225x300.jpg 225w, https:\/\/site.ac-martinique.fr\/circonscription-trinite\/wp-content\/uploads\/sites\/87\/2025\/10\/JPEG_20251013_094525_9009505045868159215-1152x1536.jpg 1152w, https:\/\/site.ac-martinique.fr\/circonscription-trinite\/wp-content\/uploads\/sites\/87\/2025\/10\/JPEG_20251013_094525_9009505045868159215.jpg 1200w\" sizes=\"auto, (max-width: 768px) 100vw, 768px\" \/><\/figure>\n<\/figure>\n\n\n\n<p class=\"has-large-font-size\">Reli\u00e9e au d\u00e9part de la c\u00e9l\u00e8bre transatlantique qui relie la France \u00e0 la Martinique, cette dict\u00e9e permet aux \u00e9l\u00e8ves de d\u00e9couvrir le monde de la voile tout en s\u2019exer\u00e7ant \u00e0 l\u2019\u00e9criture et \u00e0 la lecture.<\/p>\n\n\n\n<figure class=\"wp-block-image size-large\"><img loading=\"lazy\" decoding=\"async\" width=\"1024\" height=\"768\" src=\"https:\/\/site.ac-martinique.fr\/circonscription-trinite\/wp-content\/uploads\/sites\/87\/2025\/10\/JPEG_20251013_094509_2156210902354550463-1024x768.jpg\" alt=\"\" class=\"wp-image-6925\" srcset=\"https:\/\/site.ac-martinique.fr\/circonscription-trinite\/wp-content\/uploads\/sites\/87\/2025\/10\/JPEG_20251013_094509_2156210902354550463-1024x768.jpg 1024w, https:\/\/site.ac-martinique.fr\/circonscription-trinite\/wp-content\/uploads\/sites\/87\/2025\/10\/JPEG_20251013_094509_2156210902354550463-300x225.jpg 300w, https:\/\/site.ac-martinique.fr\/circonscription-trinite\/wp-content\/uploads\/sites\/87\/2025\/10\/JPEG_20251013_094509_2156210902354550463-768x576.jpg 768w, https:\/\/site.ac-martinique.fr\/circonscription-trinite\/wp-content\/uploads\/sites\/87\/2025\/10\/JPEG_20251013_094509_2156210902354550463-1536x1152.jpg 1536w, https:\/\/site.ac-martinique.fr\/circonscription-trinite\/wp-content\/uploads\/sites\/87\/2025\/10\/JPEG_20251013_094509_2156210902354550463-1568x1176.jpg 1568w, https:\/\/site.ac-martinique.fr\/circonscription-trinite\/wp-content\/uploads\/sites\/87\/2025\/10\/JPEG_20251013_094509_2156210902354550463.jpg 1600w\" sizes=\"auto, (max-width: 1024px) 100vw, 1024px\" \/><\/figure>\n\n\n\n<p class=\"has-large-font-size\">Gr\u00e2ce \u00e0 la mobilisation des enseignants et au soutien de l\u2019\u00e9quipe de circonscription, la coordination s\u2019est d\u00e9roul\u00e9e dans la bonne humeur.<\/p>\n\n\n\n<p class=\"has-large-font-size\">Une belle exp\u00e9rience collective qui montre que, m\u00eame \u00e0 terre, nos \u00e9l\u00e8ves savent naviguer avec les mots aussi bien qu\u2019avec les r\u00eaves ! <\/p>\n\n\n\n<p><\/p>\n","protected":false},"excerpt":{"rendered":"<p>Les \u00e9l\u00e8ves de CM de l&#8217;\u00e9cole de Bellevue \u00e0 Trinit\u00e9 et \u00c9mile Capgras au Robert embarquent pour la Dict\u00e9e Transat Caf\u00e9 L&#8217;Or. Ce lundi 13 octobre, plusieurs \u00e9coles de la&hellip; <a class=\"more-link\" href=\"https:\/\/site.ac-martinique.fr\/circonscription-trinite\/?p=6912\">Poursuivre la lecture <span class=\"screen-reader-text\">Dict\u00e9e de la Transat Caf\u00e9 L\u2019Or<\/span><\/a><\/p>\n","protected":false},"author":272,"featured_media":6924,"comment_status":"closed","ping_status":"closed","sticky":false,"template":"","format":"standard","meta":{"footnotes":"","_links_to":"","_links_to_target":""},"categories":[68,7],"tags":[],"class_list":["post-6912","post","type-post","status-publish","format-standard","has-post-thumbnail","hentry","category-eps","category-productiondesecoles","entry"],"amp_enabled":true,"_links":{"self":[{"href":"https:\/\/site.ac-martinique.fr\/circonscription-trinite\/index.php?rest_route=\/wp\/v2\/posts\/6912","targetHints":{"allow":["GET"]}}],"collection":[{"href":"https:\/\/site.ac-martinique.fr\/circonscription-trinite\/index.php?rest_route=\/wp\/v2\/posts"}],"about":[{"href":"https:\/\/site.ac-martinique.fr\/circonscription-trinite\/index.php?rest_route=\/wp\/v2\/types\/post"}],"author":[{"embeddable":true,"href":"https:\/\/site.ac-martinique.fr\/circonscription-trinite\/index.php?rest_route=\/wp\/v2\/users\/272"}],"replies":[{"embeddable":true,"href":"https:\/\/site.ac-martinique.fr\/circonscription-trinite\/index.php?rest_route=%2Fwp%2Fv2%2Fcomments&post=6912"}],"version-history":[{"count":2,"href":"https:\/\/site.ac-martinique.fr\/circonscription-trinite\/index.php?rest_route=\/wp\/v2\/posts\/6912\/revisions"}],"predecessor-version":[{"id":6930,"href":"https:\/\/site.ac-martinique.fr\/circonscription-trinite\/index.php?rest_route=\/wp\/v2\/posts\/6912\/revisions\/6930"}],"wp:featuredmedia":[{"embeddable":true,"href":"https:\/\/site.ac-martinique.fr\/circonscription-trinite\/index.php?rest_route=\/wp\/v2\/media\/6924"}],"wp:attachment":[{"href":"https:\/\/site.ac-martinique.fr\/circonscription-trinite\/index.php?rest_route=%2Fwp%2Fv2%2Fmedia&parent=6912"}],"wp:term":[{"taxonomy":"category","embeddable":true,"href":"https:\/\/site.ac-martinique.fr\/circonscription-trinite\/index.php?rest_route=%2Fwp%2Fv2%2Fcategories&post=6912"},{"taxonomy":"post_tag","embeddable":true,"href":"https:\/\/site.ac-martinique.fr\/circonscription-trinite\/index.php?rest_route=%2Fwp%2Fv2%2Ftags&post=6912"}],"curies":[{"name":"wp","href":"https:\/\/api.w.org\/{rel}","templated":true}]}}