{"id":7230,"date":"2026-01-06T17:21:47","date_gmt":"2026-01-06T16:21:47","guid":{"rendered":"https:\/\/site.ac-martinique.fr\/circonscription-trinite\/?p=7230"},"modified":"2026-01-06T17:21:47","modified_gmt":"2026-01-06T16:21:47","slug":"noel-place-sous-le-signe-du-partage-a-lecole-mano-cesaire","status":"publish","type":"post","link":"https:\/\/site.ac-martinique.fr\/circonscription-trinite\/?p=7230","title":{"rendered":"No\u00ebl plac\u00e9 sous le signe du partage \u00e0 l\u2019\u00e9cole Mano C\u00e9saire"},"content":{"rendered":"\n<p class=\"has-large-font-size\">\u00c0 l\u2019occasion des f\u00eates de fin d\u2019ann\u00e9e, l\u2019\u00e9cole <strong>Mano C\u00e9saire<\/strong> a v\u00e9cu un beau moment de convivialit\u00e9 et de partage autour du <strong>repas de No\u00ebl<\/strong>.<\/p>\n\n\n\n<div class=\"wp-block-columns is-layout-flex wp-container-core-columns-is-layout-d0b3c9c8 wp-block-columns-is-layout-flex\">\n<div class=\"wp-block-column is-vertically-aligned-center is-layout-flow wp-block-column-is-layout-flow\" style=\"--col-width:33.33%;flex-basis:33.33%\">\n<figure class=\"wp-block-image alignfull size-large\"><img loading=\"lazy\" decoding=\"async\" width=\"768\" height=\"1024\" src=\"https:\/\/site.ac-martinique.fr\/circonscription-trinite\/wp-content\/uploads\/sites\/87\/2026\/01\/WhatsApp-Image-2026-01-06-at-10.53.34-1-768x1024.jpeg\" alt=\"\" class=\"wp-image-7235\" srcset=\"https:\/\/site.ac-martinique.fr\/circonscription-trinite\/wp-content\/uploads\/sites\/87\/2026\/01\/WhatsApp-Image-2026-01-06-at-10.53.34-1-768x1024.jpeg 768w, https:\/\/site.ac-martinique.fr\/circonscription-trinite\/wp-content\/uploads\/sites\/87\/2026\/01\/WhatsApp-Image-2026-01-06-at-10.53.34-1-225x300.jpeg 225w, https:\/\/site.ac-martinique.fr\/circonscription-trinite\/wp-content\/uploads\/sites\/87\/2026\/01\/WhatsApp-Image-2026-01-06-at-10.53.34-1.jpeg 960w\" sizes=\"auto, (max-width: 768px) 100vw, 768px\" \/><\/figure>\n<\/div>\n\n\n\n<div class=\"wp-block-column is-vertically-aligned-center is-layout-flow wp-block-column-is-layout-flow\" style=\"--col-width:66.66%;flex-basis:66.66%\"><div class=\"wp-block-image\">\n<figure class=\"aligncenter size-large is-resized\"><img loading=\"lazy\" decoding=\"async\" width=\"1024\" height=\"768\" src=\"https:\/\/site.ac-martinique.fr\/circonscription-trinite\/wp-content\/uploads\/sites\/87\/2026\/01\/WhatsApp-Image-2026-01-06-at-10.53.34-1024x768.jpeg\" alt=\"\" class=\"wp-image-7234\" style=\"aspect-ratio:1.3333592202850153;width:489px;height:auto\" srcset=\"https:\/\/site.ac-martinique.fr\/circonscription-trinite\/wp-content\/uploads\/sites\/87\/2026\/01\/WhatsApp-Image-2026-01-06-at-10.53.34-1024x768.jpeg 1024w, https:\/\/site.ac-martinique.fr\/circonscription-trinite\/wp-content\/uploads\/sites\/87\/2026\/01\/WhatsApp-Image-2026-01-06-at-10.53.34-300x225.jpeg 300w, https:\/\/site.ac-martinique.fr\/circonscription-trinite\/wp-content\/uploads\/sites\/87\/2026\/01\/WhatsApp-Image-2026-01-06-at-10.53.34-768x576.jpeg 768w, https:\/\/site.ac-martinique.fr\/circonscription-trinite\/wp-content\/uploads\/sites\/87\/2026\/01\/WhatsApp-Image-2026-01-06-at-10.53.34.jpeg 1280w\" sizes=\"auto, (max-width: 1024px) 100vw, 1024px\" \/><\/figure>\n<\/div><\/div>\n<\/div>\n\n\n\n<p class=\"has-large-font-size\">Organis\u00e9 avec soin par les <strong>agents de restauration<\/strong> et les \u00e9quipes du <strong>p\u00e9riscolaire<\/strong>, ce temps festif a r\u00e9uni l\u2019ensemble de la communaut\u00e9 scolaire. <strong>ATSEM, enseignants et \u00e9l\u00e8ves<\/strong> ont ainsi partag\u00e9 le m\u00eame repas, dans une ambiance chaleureuse et joyeuse, renfor\u00e7ant les liens qui font la richesse de la vie de l\u2019\u00e9cole.<\/p>\n\n\n\n<figure class=\"wp-block-image size-large\"><img loading=\"lazy\" decoding=\"async\" width=\"1024\" height=\"768\" src=\"https:\/\/site.ac-martinique.fr\/circonscription-trinite\/wp-content\/uploads\/sites\/87\/2026\/01\/WhatsApp-Image-2026-01-06-at-10.53.35-1024x768.jpeg\" alt=\"\" class=\"wp-image-7232\" srcset=\"https:\/\/site.ac-martinique.fr\/circonscription-trinite\/wp-content\/uploads\/sites\/87\/2026\/01\/WhatsApp-Image-2026-01-06-at-10.53.35-1024x768.jpeg 1024w, https:\/\/site.ac-martinique.fr\/circonscription-trinite\/wp-content\/uploads\/sites\/87\/2026\/01\/WhatsApp-Image-2026-01-06-at-10.53.35-300x225.jpeg 300w, https:\/\/site.ac-martinique.fr\/circonscription-trinite\/wp-content\/uploads\/sites\/87\/2026\/01\/WhatsApp-Image-2026-01-06-at-10.53.35-768x576.jpeg 768w, https:\/\/site.ac-martinique.fr\/circonscription-trinite\/wp-content\/uploads\/sites\/87\/2026\/01\/WhatsApp-Image-2026-01-06-at-10.53.35.jpeg 1280w\" sizes=\"auto, (max-width: 1024px) 100vw, 1024px\" \/><\/figure>\n\n\n\n<p class=\"has-large-font-size\">Les enfants ont \u00e9t\u00e9 particuli\u00e8rement ravis par la pr\u00e9sence surprise de la <strong>M\u00e8re No\u00ebl<\/strong>, venue apporter sourires, \u00e9merveillement et esprit de f\u00eate \u00e0 ce moment d\u00e9j\u00e0 tr\u00e8s attendu.<\/p>\n\n\n\n<div class=\"wp-block-columns is-layout-flex wp-container-core-columns-is-layout-d0b3c9c8 wp-block-columns-is-layout-flex\">\n<div class=\"wp-block-column is-layout-flow wp-block-column-is-layout-flow\">\n<figure class=\"wp-block-image size-large\"><img loading=\"lazy\" decoding=\"async\" width=\"768\" height=\"1024\" src=\"https:\/\/site.ac-martinique.fr\/circonscription-trinite\/wp-content\/uploads\/sites\/87\/2026\/01\/WhatsApp-Image-2026-01-06-at-10.53.35-2-768x1024.jpeg\" alt=\"\" class=\"wp-image-7236\" srcset=\"https:\/\/site.ac-martinique.fr\/circonscription-trinite\/wp-content\/uploads\/sites\/87\/2026\/01\/WhatsApp-Image-2026-01-06-at-10.53.35-2-768x1024.jpeg 768w, https:\/\/site.ac-martinique.fr\/circonscription-trinite\/wp-content\/uploads\/sites\/87\/2026\/01\/WhatsApp-Image-2026-01-06-at-10.53.35-2-225x300.jpeg 225w, https:\/\/site.ac-martinique.fr\/circonscription-trinite\/wp-content\/uploads\/sites\/87\/2026\/01\/WhatsApp-Image-2026-01-06-at-10.53.35-2.jpeg 960w\" sizes=\"auto, (max-width: 768px) 100vw, 768px\" \/><figcaption class=\"wp-element-caption\">Distribution de cadeaux<\/figcaption><\/figure>\n<\/div>\n\n\n\n<div class=\"wp-block-column is-layout-flow wp-block-column-is-layout-flow\">\n<figure class=\"wp-block-image size-large\"><img loading=\"lazy\" decoding=\"async\" width=\"768\" height=\"1024\" src=\"https:\/\/site.ac-martinique.fr\/circonscription-trinite\/wp-content\/uploads\/sites\/87\/2026\/01\/WhatsApp-Image-2026-01-06-at-10.53.36-768x1024.jpeg\" alt=\"\" class=\"wp-image-7238\" srcset=\"https:\/\/site.ac-martinique.fr\/circonscription-trinite\/wp-content\/uploads\/sites\/87\/2026\/01\/WhatsApp-Image-2026-01-06-at-10.53.36-768x1024.jpeg 768w, https:\/\/site.ac-martinique.fr\/circonscription-trinite\/wp-content\/uploads\/sites\/87\/2026\/01\/WhatsApp-Image-2026-01-06-at-10.53.36-225x300.jpeg 225w, https:\/\/site.ac-martinique.fr\/circonscription-trinite\/wp-content\/uploads\/sites\/87\/2026\/01\/WhatsApp-Image-2026-01-06-at-10.53.36-1152x1536.jpeg 1152w, https:\/\/site.ac-martinique.fr\/circonscription-trinite\/wp-content\/uploads\/sites\/87\/2026\/01\/WhatsApp-Image-2026-01-06-at-10.53.36.jpeg 1200w\" sizes=\"auto, (max-width: 768px) 100vw, 768px\" \/><figcaption class=\"wp-element-caption\">Spectacle de Malicia la magicienne offert aux \u00e9l\u00e8ves<\/figcaption><\/figure>\n<\/div>\n\n\n\n<div class=\"wp-block-column is-layout-flow wp-block-column-is-layout-flow\">\n<figure class=\"wp-block-image size-large\"><img loading=\"lazy\" decoding=\"async\" width=\"768\" height=\"1024\" src=\"https:\/\/site.ac-martinique.fr\/circonscription-trinite\/wp-content\/uploads\/sites\/87\/2026\/01\/WhatsApp-Image-2026-01-06-at-10.53.35-4-768x1024.jpeg\" alt=\"\" class=\"wp-image-7237\" srcset=\"https:\/\/site.ac-martinique.fr\/circonscription-trinite\/wp-content\/uploads\/sites\/87\/2026\/01\/WhatsApp-Image-2026-01-06-at-10.53.35-4-768x1024.jpeg 768w, https:\/\/site.ac-martinique.fr\/circonscription-trinite\/wp-content\/uploads\/sites\/87\/2026\/01\/WhatsApp-Image-2026-01-06-at-10.53.35-4-225x300.jpeg 225w, https:\/\/site.ac-martinique.fr\/circonscription-trinite\/wp-content\/uploads\/sites\/87\/2026\/01\/WhatsApp-Image-2026-01-06-at-10.53.35-4-1152x1536.jpeg 1152w, https:\/\/site.ac-martinique.fr\/circonscription-trinite\/wp-content\/uploads\/sites\/87\/2026\/01\/WhatsApp-Image-2026-01-06-at-10.53.35-4.jpeg 1200w\" sizes=\"auto, (max-width: 768px) 100vw, 768px\" \/><figcaption class=\"wp-element-caption\">Spectacle de Malicia la magicienne offert aux \u00e9l\u00e8ves<\/figcaption><\/figure>\n<\/div>\n<\/div>\n\n\n\n<p class=\"has-large-font-size\">Ce repas de No\u00ebl restera un souvenir pr\u00e9cieux pour petits et grands, illustrant les valeurs de <strong>partage, de bienveillance et de vivre-ensemble<\/strong> ch\u00e8res \u00e0 l\u2019\u00e9cole Mano C\u00e9saire.<\/p>\n\n\n\n<p>Un grand merci \u00e0 toutes les \u00e9quipes mobilis\u00e9es pour la r\u00e9ussite de ce beau moment \ud83c\udf85\u2728<\/p>\n\n\n\n<p><\/p>\n","protected":false},"excerpt":{"rendered":"<p>\u00c0 l\u2019occasion des f\u00eates de fin d\u2019ann\u00e9e, l\u2019\u00e9cole Mano C\u00e9saire a v\u00e9cu un beau moment de convivialit\u00e9 et de partage autour du repas de No\u00ebl. Organis\u00e9 avec soin par les&hellip; <a class=\"more-link\" href=\"https:\/\/site.ac-martinique.fr\/circonscription-trinite\/?p=7230\">Poursuivre la lecture <span class=\"screen-reader-text\">No\u00ebl plac\u00e9 sous le signe du partage \u00e0 l\u2019\u00e9cole Mano C\u00e9saire<\/span><\/a><\/p>\n","protected":false},"author":272,"featured_media":7233,"comment_status":"closed","ping_status":"","sticky":false,"template":"","format":"standard","meta":{"footnotes":"","_links_to":"","_links_to_target":""},"categories":[7],"tags":[],"class_list":["post-7230","post","type-post","status-publish","format-standard","has-post-thumbnail","hentry","category-productiondesecoles","entry"],"amp_enabled":true,"_links":{"self":[{"href":"https:\/\/site.ac-martinique.fr\/circonscription-trinite\/index.php?rest_route=\/wp\/v2\/posts\/7230","targetHints":{"allow":["GET"]}}],"collection":[{"href":"https:\/\/site.ac-martinique.fr\/circonscription-trinite\/index.php?rest_route=\/wp\/v2\/posts"}],"about":[{"href":"https:\/\/site.ac-martinique.fr\/circonscription-trinite\/index.php?rest_route=\/wp\/v2\/types\/post"}],"author":[{"embeddable":true,"href":"https:\/\/site.ac-martinique.fr\/circonscription-trinite\/index.php?rest_route=\/wp\/v2\/users\/272"}],"replies":[{"embeddable":true,"href":"https:\/\/site.ac-martinique.fr\/circonscription-trinite\/index.php?rest_route=%2Fwp%2Fv2%2Fcomments&post=7230"}],"version-history":[{"count":1,"href":"https:\/\/site.ac-martinique.fr\/circonscription-trinite\/index.php?rest_route=\/wp\/v2\/posts\/7230\/revisions"}],"predecessor-version":[{"id":7239,"href":"https:\/\/site.ac-martinique.fr\/circonscription-trinite\/index.php?rest_route=\/wp\/v2\/posts\/7230\/revisions\/7239"}],"wp:featuredmedia":[{"embeddable":true,"href":"https:\/\/site.ac-martinique.fr\/circonscription-trinite\/index.php?rest_route=\/wp\/v2\/media\/7233"}],"wp:attachment":[{"href":"https:\/\/site.ac-martinique.fr\/circonscription-trinite\/index.php?rest_route=%2Fwp%2Fv2%2Fmedia&parent=7230"}],"wp:term":[{"taxonomy":"category","embeddable":true,"href":"https:\/\/site.ac-martinique.fr\/circonscription-trinite\/index.php?rest_route=%2Fwp%2Fv2%2Fcategories&post=7230"},{"taxonomy":"post_tag","embeddable":true,"href":"https:\/\/site.ac-martinique.fr\/circonscription-trinite\/index.php?rest_route=%2Fwp%2Fv2%2Ftags&post=7230"}],"curies":[{"name":"wp","href":"https:\/\/api.w.org\/{rel}","templated":true}]}}